{"id":2067,"date":"2026-08-30T21:27:00","date_gmt":"2026-08-30T19:27:00","guid":{"rendered":"https:\/\/ritual.cz\/?p=2067"},"modified":"2026-01-14T21:31:10","modified_gmt":"2026-01-14T20:31:10","slug":"prolnuti-keltskych-svatku-s-dnesnimi","status":"publish","type":"post","link":"https:\/\/ritual.cz\/index.php\/2026\/08\/30\/prolnuti-keltskych-svatku-s-dnesnimi\/","title":{"rendered":"Prolnut\u00ed keltsk\u00fdch sv\u00e1tk\u016f s dne\u0161n\u00edmi"},"content":{"rendered":"\n<p class=\"wp-block-paragraph\">V\u011bt\u0161ina dne\u0161n\u00edch sv\u00e1tk\u016f m\u00e1 sv\u016fj p\u016fvod v pohansk\u00fdch dob\u00e1ch. P\u0159ev\u00e1\u017en\u00e1 v\u011bt\u0161ina z dne\u0161n\u00edch sv\u00e1tk\u016f vd\u011b\u010d\u00ed sv\u00e9 existenci pr\u00e1v\u011b keltsk\u00fdm zvyk\u016fm.<br>N\u011bkter\u00e9 dodnes slav\u00edme:<br><br><strong>Samhain:<\/strong> keltsk\u00fd Nov\u00fd rok a konec sklizn\u011b, kter\u00fd se u n\u00e1s slav\u00fd jako V\u0161ech svat\u00fdch. Keltov\u00e9 v\u011b\u0159ily \u017ee v tento \u010das, je hranice mezi t\u00edmto a on\u00edm sv\u011btem tenk\u00e1 a \u017ee je snadn\u00e9 komunikovat s mrtv\u00fdmi. Tak\u00e9 v\u011b\u0159ily \u017ee v tento magick\u00fd \u010das, p\u0159est\u00e1vaj\u00ed platit z\u00e1kony prostoru a \u010dasu. Nezklizen\u00e9 plodiny, se u\u017e nezkl\u00edzely pat\u0159ily u\u017e toti\u017e duch\u016fm p\u0159\u00edrody.<strong>Me\u00e1n Geimhridh:<\/strong> je Zimn\u00ed slunovrat, u n\u00e1s slaven\u00fd jako V\u00e1noce(mimochodem, zvyk zav\u011b\u0161ov\u00e1n\u00ed jmel\u00ed poch\u00e1z\u00ed taky od kelt\u016f). Toho dne, se temn\u00e1 s\u00edla je\u017e vl\u00e1dla celou zimu nad sluncem, vzd\u00e1v\u00e1. Keltov\u00e9 zapalovali ohn\u011b na pol\u00edch a p\u0159ip\u00edjely na zdrav\u00fd strom\u016f, obil\u00ed a pak dobytka.<br><br><strong>Oimealg(Imbolc):<\/strong> keltsk\u00e1 slavnost koj\u00edc\u00edch ovc\u00ed a sv\u011bcen\u00ed zem\u011bd\u011blsk\u00fdch n\u00e1stroj\u016f. Tato slavnost se u n\u00e1s slav\u00fd jako Hromnice. V t\u00e9 dob\u011b se zh\u00e1\u0161ely ohn\u011b a znovu se zapalovaly. byl to sv\u00e1tek nov\u00fdch za\u010d\u00e1tk\u016f.<br><br><strong>Me\u00e1n Earraigh:<\/strong> Jarn\u00ed rovnodenost(bylo to v obdob\u00fd dne\u0161n\u00edch velikonoc). Tento sv\u00e1tek symbolizovaly vejce, kter\u00e9 se jedly a h\u00e1zely do \u010derstv\u00fdch br\u00e1zd. Kelti dokonce o tomto sv\u00e1tku vejce malovaly! nov\u011b oset\u00e1 pole se kropila krv\u00ed a popra\u0161ovala popelem z posv\u00e1tn\u00fdch ohni\u0161\u0165. Sk\u0159\u00edtk\u016fm a duch\u016fm \u017eij\u00edc\u00edm v kamenech a jejich okol\u00ed, se p\u0159in\u00e1\u0161elo ml\u00e9ko a kousky j\u00eddla.<br><br><strong>Beltaine:<\/strong> keltsk\u00fd sv\u00e1tek plodnosti a smrti. Dodnes si na n\u011bj spousty lid\u00ed potrp\u00fd(\u017ee Any), proto\u017ee je to n\u00e1\u0161 prvn\u00ed m\u00e1j. V podve\u010der tohoto sv\u00e1tku dosahuj\u00ed sexu\u00e1ln\u00ed s\u00edly sv\u011bta sv\u00e9ho vrcholu. Byl to velice v\u00fdznamn\u00fd sv\u00e1tek, proto se v d\u00e1vn\u00fdch dob\u00e1ch p\u0159in\u00e1\u0161ela lidsk\u00e1 ob\u011b\u0165 aby mohl dal\u0161\u00ed \u017eivot pokra\u010dovat. Je to opak Samhainu, tedy po\u010d\u00e1tek sv\u011btl\u00e9 poloviny roku. Lid\u00e9 o p\u016flnoci vych\u00e1zely aby zb\u00edraly kv\u011bty a pozd\u011bji jimy zdobili domovy. Vzty\u010dovaly se m\u00e1jky, jako mu\u017esk\u00fd prvek vsazovan\u00fd do \u017eensk\u00e9 zem\u011b.<br><br><strong>Me\u00e1n Samhraidh:<\/strong> letn\u00ed slunovrat-nejdel\u0161\u00ed den v roce. Kelti uct\u00edvaly slunce ze v\u0161eho nejv\u00edc. O p\u016flnoci se v tento den zapalovaly na kopc\u00edch ohn\u011b a lid\u00e9 kolem nich tan\u010dily a p\u0159eskakovaly je. P\u0159i letn\u00edm slunovratu se uct\u00edvaly stromy . Duby se zdobily barevn\u00fdmi pentlemi a lid\u00e9 kolem nich tan\u010dily. Tak\u00e9 se v tento den vzd\u00e1val hold vod\u011b a matce Zemi. Stud\u00e1nky se zdobily kv\u00edt\u00edm a na jejich po\u010dest se zp\u00edvaly p\u00edsn\u011b. Pak lid\u00e9 nasb\u00edraly vodu a rozst\u0159ikovali ji po pol\u00edch, aby p\u0159ivolali d\u00e9\u0161\u0165.<br><br><strong>Lugnasad:<\/strong> Do\u017e\u00ednky. Znamenal sestup slunce do zimn\u00ed temnoty. Konaly se shrom\u00e1\u017ed\u011bn\u00ed u posv\u00e1tn\u00e9ho stromu, mohyly, studny nebo vrcholu kopce. V tento den bylo zak\u00e1z\u00e1no ve\u0161ker\u00e9 n\u00e1sil\u00fd(dokonce i man\u017eelsk\u00e9 h\u00e1dky).<br><br><strong>M\u00e9an F\u00f3mhair:<\/strong> Podzimn\u00ed rovnodenost. V tento den se d\u011bkuje slunci za jeho dary. Byla to posledn\u00ed p\u0159\u00edle\u017eitost k dokon\u010den\u00ed sklizn\u011b. Stoly se prost\u00edraly nejlep\u0161\u00edmi ubrusy a lid\u00e9 si obl\u00e9kali svoje nejlep\u0161\u00ed \u0161aty.<\/p>\n\n\n\n<p class=\"wp-block-paragraph\">anonym <\/p>\n\n\n<div class=\"kk-star-ratings kksr-auto kksr-align-center kksr-valign-bottom\"\n    data-payload='{&quot;align&quot;:&quot;center&quot;,&quot;id&quot;:&quot;2067&quot;,&quot;slug&quot;:&quot;default&quot;,&quot;valign&quot;:&quot;bottom&quot;,&quot;ignore&quot;:&quot;&quot;,&quot;reference&quot;:&quot;auto&quot;,&quot;class&quot;:&quot;&quot;,&quot;count&quot;:&quot;0&quot;,&quot;legendonly&quot;:&quot;&quot;,&quot;readonly&quot;:&quot;&quot;,&quot;score&quot;:&quot;0&quot;,&quot;starsonly&quot;:&quot;&quot;,&quot;best&quot;:&quot;5&quot;,&quot;gap&quot;:&quot;4&quot;,&quot;greet&quot;:&quot;Ohodno\u0165&quot;,&quot;legend&quot;:&quot;0\\\/5 - (0 votes)&quot;,&quot;size&quot;:&quot;24&quot;,&quot;title&quot;:&quot;Prolnut\u00ed keltsk\u00fdch sv\u00e1tk\u016f s dne\u0161n\u00edmi&quot;,&quot;width&quot;:&quot;0&quot;,&quot;_legend&quot;:&quot;{score}\\\/{best} - ({count} {votes})&quot;,&quot;font_factor&quot;:&quot;1.25&quot;}'>\n            \n<div class=\"kksr-stars\">\n    \n<div class=\"kksr-stars-inactive\">\n            <div class=\"kksr-star\" data-star=\"1\" style=\"padding-right: 4px\">\n            \n\n<div class=\"kksr-icon\" style=\"width: 24px; height: 24px;\"><\/div>\n        <\/div>\n            <div class=\"kksr-star\" data-star=\"2\" style=\"padding-right: 4px\">\n            \n\n<div class=\"kksr-icon\" style=\"width: 24px; height: 24px;\"><\/div>\n        <\/div>\n            <div class=\"kksr-star\" data-star=\"3\" style=\"padding-right: 4px\">\n            \n\n<div class=\"kksr-icon\" style=\"width: 24px; height: 24px;\"><\/div>\n        <\/div>\n            <div class=\"kksr-star\" data-star=\"4\" style=\"padding-right: 4px\">\n            \n\n<div class=\"kksr-icon\" style=\"width: 24px; height: 24px;\"><\/div>\n        <\/div>\n            <div class=\"kksr-star\" data-star=\"5\" style=\"padding-right: 4px\">\n            \n\n<div class=\"kksr-icon\" style=\"width: 24px; height: 24px;\"><\/div>\n        <\/div>\n    <\/div>\n    \n<div class=\"kksr-stars-active\" style=\"width: 0px;\">\n            <div class=\"kksr-star\" style=\"padding-right: 4px\">\n            \n\n<div class=\"kksr-icon\" style=\"width: 24px; height: 24px;\"><\/div>\n        <\/div>\n            <div class=\"kksr-star\" style=\"padding-right: 4px\">\n            \n\n<div class=\"kksr-icon\" style=\"width: 24px; height: 24px;\"><\/div>\n        <\/div>\n            <div class=\"kksr-star\" style=\"padding-right: 4px\">\n            \n\n<div class=\"kksr-icon\" style=\"width: 24px; height: 24px;\"><\/div>\n        <\/div>\n            <div class=\"kksr-star\" style=\"padding-right: 4px\">\n            \n\n<div class=\"kksr-icon\" style=\"width: 24px; height: 24px;\"><\/div>\n        <\/div>\n            <div class=\"kksr-star\" style=\"padding-right: 4px\">\n            \n\n<div class=\"kksr-icon\" style=\"width: 24px; height: 24px;\"><\/div>\n        <\/div>\n    <\/div>\n<\/div>\n                \n\n<div class=\"kksr-legend\" style=\"font-size: 19.2px;\">\n            <span class=\"kksr-muted\">Ohodno\u0165<\/span>\n    <\/div>\n    <\/div>\n<p>Views: 0<\/p>","protected":false},"excerpt":{"rendered":"<p>V\u011bt\u0161ina dne\u0161n\u00edch sv\u00e1tk\u016f m\u00e1 sv\u016fj p\u016fvod v pohansk\u00fdch dob\u00e1ch. P\u0159ev\u00e1\u017en\u00e1 v\u011bt\u0161ina z dne\u0161n\u00edch sv\u00e1tk\u016f vd\u011b\u010d\u00ed sv\u00e9 existenci pr\u00e1v\u011b keltsk\u00fdm zvyk\u016fm.N\u011bkter\u00e9<\/p>\n","protected":false},"author":2,"featured_media":2068,"comment_status":"open","ping_status":"open","sticky":false,"template":"","format":"standard","meta":{"colormag_page_container_layout":"default_layout","colormag_page_sidebar_layout":"default_layout","footnotes":""},"categories":[5],"tags":[15],"class_list":["post-2067","post","type-post","status-publish","format-standard","has-post-thumbnail","hentry","category-vzduch","tag-archiv"],"yoast_head":"<!-- This site is optimized with the Yoast SEO plugin v28.3 - https:\/\/yoast.com\/product\/yoast-seo-wordpress\/ -->\n<title>Prolnut\u00ed keltsk\u00fdch sv\u00e1tk\u016f s dne\u0161n\u00edmi -<\/title>\n<meta name=\"description\" content=\"Me\u00e1n Samhraidh: letn\u00ed slunovrat-nejdel\u0161\u00ed den v roce. Kelti uct\u00edvaly slunce ze v\u0161eho nejv\u00edc. O p\u016flnoci se v tento den zapalovaly na kopc\u00edch ohn\u011b a lid\u00e9 kolem nich tan\u010dily a p\u0159eskakovaly je. P\u0159i letn\u00edm slunovratu se\" \/>\n<meta name=\"robots\" content=\"index, follow, max-snippet:-1, max-image-preview:large, max-video-preview:-1\" \/>\n<link rel=\"canonical\" href=\"https:\/\/ritual.cz\/index.php\/2026\/08\/30\/prolnuti-keltskych-svatku-s-dnesnimi\/\" \/>\n<meta property=\"og:locale\" content=\"cs_CZ\" \/>\n<meta property=\"og:type\" content=\"article\" \/>\n<meta property=\"og:title\" content=\"Prolnut\u00ed keltsk\u00fdch sv\u00e1tk\u016f s dne\u0161n\u00edmi -\" \/>\n<meta property=\"og:description\" content=\"Me\u00e1n Samhraidh: letn\u00ed slunovrat-nejdel\u0161\u00ed den v roce. Kelti uct\u00edvaly slunce ze v\u0161eho nejv\u00edc. O p\u016flnoci se v tento den zapalovaly na kopc\u00edch ohn\u011b a lid\u00e9 kolem nich tan\u010dily a p\u0159eskakovaly je. P\u0159i letn\u00edm slunovratu se\" \/>\n<meta property=\"og:url\" content=\"https:\/\/ritual.cz\/index.php\/2026\/08\/30\/prolnuti-keltskych-svatku-s-dnesnimi\/\" \/>\n<meta property=\"article:published_time\" content=\"2026-08-30T19:27:00+00:00\" \/>\n<meta property=\"og:image\" content=\"https:\/\/ritual.cz\/wp-content\/uploads\/2026\/01\/high-cross-2390757_1280.jpg\" \/>\n\t<meta property=\"og:image:width\" content=\"848\" \/>\n\t<meta property=\"og:image:height\" content=\"1280\" \/>\n\t<meta property=\"og:image:type\" content=\"image\/jpeg\" \/>\n<meta name=\"author\" content=\"Z-Ayin\" \/>\n<meta name=\"twitter:card\" content=\"summary_large_image\" \/>\n<meta name=\"twitter:label1\" content=\"Napsal(a)\" \/>\n\t<meta name=\"twitter:data1\" content=\"Z-Ayin\" \/>\n\t<meta name=\"twitter:label2\" content=\"Odhadovan\u00e1 doba \u010dten\u00ed\" \/>\n\t<meta name=\"twitter:data2\" content=\"3 minuty\" \/>\n<script type=\"application\/ld+json\" class=\"yoast-schema-graph\">{\"@context\":\"https:\\\/\\\/schema.org\",\"@graph\":[{\"@type\":\"Article\",\"@id\":\"https:\\\/\\\/ritual.cz\\\/index.php\\\/2026\\\/08\\\/30\\\/prolnuti-keltskych-svatku-s-dnesnimi\\\/#article\",\"isPartOf\":{\"@id\":\"https:\\\/\\\/ritual.cz\\\/index.php\\\/2026\\\/08\\\/30\\\/prolnuti-keltskych-svatku-s-dnesnimi\\\/\"},\"author\":{\"name\":\"Z-Ayin\",\"@id\":\"https:\\\/\\\/ritual.cz\\\/#\\\/schema\\\/person\\\/87e87ba7e5688c58bd6f28117091cd7d\"},\"headline\":\"Prolnut\u00ed keltsk\u00fdch sv\u00e1tk\u016f s dne\u0161n\u00edmi\",\"datePublished\":\"2026-08-30T19:27:00+00:00\",\"mainEntityOfPage\":{\"@id\":\"https:\\\/\\\/ritual.cz\\\/index.php\\\/2026\\\/08\\\/30\\\/prolnuti-keltskych-svatku-s-dnesnimi\\\/\"},\"wordCount\":601,\"commentCount\":0,\"publisher\":{\"@id\":\"https:\\\/\\\/ritual.cz\\\/#organization\"},\"image\":{\"@id\":\"https:\\\/\\\/ritual.cz\\\/index.php\\\/2026\\\/08\\\/30\\\/prolnuti-keltskych-svatku-s-dnesnimi\\\/#primaryimage\"},\"thumbnailUrl\":\"https:\\\/\\\/ritual.cz\\\/wp-content\\\/uploads\\\/2026\\\/01\\\/high-cross-2390757_1280.jpg\",\"keywords\":[\"Archiv\"],\"articleSection\":[\"Vzduch\"],\"inLanguage\":\"cs\",\"potentialAction\":[{\"@type\":\"CommentAction\",\"name\":\"Comment\",\"target\":[\"https:\\\/\\\/ritual.cz\\\/index.php\\\/2026\\\/08\\\/30\\\/prolnuti-keltskych-svatku-s-dnesnimi\\\/#respond\"]}]},{\"@type\":\"WebPage\",\"@id\":\"https:\\\/\\\/ritual.cz\\\/index.php\\\/2026\\\/08\\\/30\\\/prolnuti-keltskych-svatku-s-dnesnimi\\\/\",\"url\":\"https:\\\/\\\/ritual.cz\\\/index.php\\\/2026\\\/08\\\/30\\\/prolnuti-keltskych-svatku-s-dnesnimi\\\/\",\"name\":\"Prolnut\u00ed keltsk\u00fdch sv\u00e1tk\u016f s dne\u0161n\u00edmi -\",\"isPartOf\":{\"@id\":\"https:\\\/\\\/ritual.cz\\\/#website\"},\"primaryImageOfPage\":{\"@id\":\"https:\\\/\\\/ritual.cz\\\/index.php\\\/2026\\\/08\\\/30\\\/prolnuti-keltskych-svatku-s-dnesnimi\\\/#primaryimage\"},\"image\":{\"@id\":\"https:\\\/\\\/ritual.cz\\\/index.php\\\/2026\\\/08\\\/30\\\/prolnuti-keltskych-svatku-s-dnesnimi\\\/#primaryimage\"},\"thumbnailUrl\":\"https:\\\/\\\/ritual.cz\\\/wp-content\\\/uploads\\\/2026\\\/01\\\/high-cross-2390757_1280.jpg\",\"datePublished\":\"2026-08-30T19:27:00+00:00\",\"description\":\"Me\u00e1n Samhraidh: letn\u00ed slunovrat-nejdel\u0161\u00ed den v roce. Kelti uct\u00edvaly slunce ze v\u0161eho nejv\u00edc. O p\u016flnoci se v tento den zapalovaly na kopc\u00edch ohn\u011b a lid\u00e9 kolem nich tan\u010dily a p\u0159eskakovaly je. P\u0159i letn\u00edm slunovratu se\",\"breadcrumb\":{\"@id\":\"https:\\\/\\\/ritual.cz\\\/index.php\\\/2026\\\/08\\\/30\\\/prolnuti-keltskych-svatku-s-dnesnimi\\\/#breadcrumb\"},\"inLanguage\":\"cs\",\"potentialAction\":[{\"@type\":\"ReadAction\",\"target\":[\"https:\\\/\\\/ritual.cz\\\/index.php\\\/2026\\\/08\\\/30\\\/prolnuti-keltskych-svatku-s-dnesnimi\\\/\"]}]},{\"@type\":\"ImageObject\",\"inLanguage\":\"cs\",\"@id\":\"https:\\\/\\\/ritual.cz\\\/index.php\\\/2026\\\/08\\\/30\\\/prolnuti-keltskych-svatku-s-dnesnimi\\\/#primaryimage\",\"url\":\"https:\\\/\\\/ritual.cz\\\/wp-content\\\/uploads\\\/2026\\\/01\\\/high-cross-2390757_1280.jpg\",\"contentUrl\":\"https:\\\/\\\/ritual.cz\\\/wp-content\\\/uploads\\\/2026\\\/01\\\/high-cross-2390757_1280.jpg\",\"width\":848,\"height\":1280},{\"@type\":\"BreadcrumbList\",\"@id\":\"https:\\\/\\\/ritual.cz\\\/index.php\\\/2026\\\/08\\\/30\\\/prolnuti-keltskych-svatku-s-dnesnimi\\\/#breadcrumb\",\"itemListElement\":[{\"@type\":\"ListItem\",\"position\":1,\"name\":\"Dom\u016f\",\"item\":\"https:\\\/\\\/ritual.cz\\\/\"},{\"@type\":\"ListItem\",\"position\":2,\"name\":\"Prolnut\u00ed keltsk\u00fdch sv\u00e1tk\u016f s dne\u0161n\u00edmi\"}]},{\"@type\":\"WebSite\",\"@id\":\"https:\\\/\\\/ritual.cz\\\/#website\",\"url\":\"https:\\\/\\\/ritual.cz\\\/\",\"name\":\"Ritual\",\"description\":\"Port\u00e1l pro magii, esoteriku, zdrav\u00ed a duchovn\u00ed rozvoj\",\"publisher\":{\"@id\":\"https:\\\/\\\/ritual.cz\\\/#organization\"},\"potentialAction\":[{\"@type\":\"SearchAction\",\"target\":{\"@type\":\"EntryPoint\",\"urlTemplate\":\"https:\\\/\\\/ritual.cz\\\/?s={search_term_string}\"},\"query-input\":{\"@type\":\"PropertyValueSpecification\",\"valueRequired\":true,\"valueName\":\"search_term_string\"}}],\"inLanguage\":\"cs\"},{\"@type\":\"Organization\",\"@id\":\"https:\\\/\\\/ritual.cz\\\/#organization\",\"name\":\"Ritual\",\"url\":\"https:\\\/\\\/ritual.cz\\\/\",\"logo\":{\"@type\":\"ImageObject\",\"inLanguage\":\"cs\",\"@id\":\"https:\\\/\\\/ritual.cz\\\/#\\\/schema\\\/logo\\\/image\\\/\",\"url\":\"https:\\\/\\\/ritual.cz\\\/wp-content\\\/uploads\\\/2020\\\/03\\\/logo_ritual.gif\",\"contentUrl\":\"https:\\\/\\\/ritual.cz\\\/wp-content\\\/uploads\\\/2020\\\/03\\\/logo_ritual.gif\",\"width\":219,\"height\":172,\"caption\":\"Ritual\"},\"image\":{\"@id\":\"https:\\\/\\\/ritual.cz\\\/#\\\/schema\\\/logo\\\/image\\\/\"}},{\"@type\":\"Person\",\"@id\":\"https:\\\/\\\/ritual.cz\\\/#\\\/schema\\\/person\\\/87e87ba7e5688c58bd6f28117091cd7d\",\"name\":\"Z-Ayin\",\"image\":{\"@type\":\"ImageObject\",\"inLanguage\":\"cs\",\"@id\":\"https:\\\/\\\/secure.gravatar.com\\\/avatar\\\/9bde32db754c9f84a830d49afe9ef45bcba2e1166c58734e7c7f45136c6dc1a1?s=96&d=wavatar&r=g\",\"url\":\"https:\\\/\\\/secure.gravatar.com\\\/avatar\\\/9bde32db754c9f84a830d49afe9ef45bcba2e1166c58734e7c7f45136c6dc1a1?s=96&d=wavatar&r=g\",\"contentUrl\":\"https:\\\/\\\/secure.gravatar.com\\\/avatar\\\/9bde32db754c9f84a830d49afe9ef45bcba2e1166c58734e7c7f45136c6dc1a1?s=96&d=wavatar&r=g\",\"caption\":\"Z-Ayin\"},\"url\":\"https:\\\/\\\/ritual.cz\\\/index.php\\\/author\\\/zuzana\\\/\"}]}<\/script>\n<!-- \/ Yoast SEO plugin. -->","yoast_head_json":{"title":"Prolnut\u00ed keltsk\u00fdch sv\u00e1tk\u016f s dne\u0161n\u00edmi -","description":"Me\u00e1n Samhraidh: letn\u00ed slunovrat-nejdel\u0161\u00ed den v roce. Kelti uct\u00edvaly slunce ze v\u0161eho nejv\u00edc. O p\u016flnoci se v tento den zapalovaly na kopc\u00edch ohn\u011b a lid\u00e9 kolem nich tan\u010dily a p\u0159eskakovaly je. P\u0159i letn\u00edm slunovratu se","robots":{"index":"index","follow":"follow","max-snippet":"max-snippet:-1","max-image-preview":"max-image-preview:large","max-video-preview":"max-video-preview:-1"},"canonical":"https:\/\/ritual.cz\/index.php\/2026\/08\/30\/prolnuti-keltskych-svatku-s-dnesnimi\/","og_locale":"cs_CZ","og_type":"article","og_title":"Prolnut\u00ed keltsk\u00fdch sv\u00e1tk\u016f s dne\u0161n\u00edmi -","og_description":"Me\u00e1n Samhraidh: letn\u00ed slunovrat-nejdel\u0161\u00ed den v roce. Kelti uct\u00edvaly slunce ze v\u0161eho nejv\u00edc. O p\u016flnoci se v tento den zapalovaly na kopc\u00edch ohn\u011b a lid\u00e9 kolem nich tan\u010dily a p\u0159eskakovaly je. P\u0159i letn\u00edm slunovratu se","og_url":"https:\/\/ritual.cz\/index.php\/2026\/08\/30\/prolnuti-keltskych-svatku-s-dnesnimi\/","article_published_time":"2026-08-30T19:27:00+00:00","og_image":[{"width":848,"height":1280,"url":"https:\/\/ritual.cz\/wp-content\/uploads\/2026\/01\/high-cross-2390757_1280.jpg","type":"image\/jpeg"}],"author":"Z-Ayin","twitter_card":"summary_large_image","twitter_misc":{"Napsal(a)":"Z-Ayin","Odhadovan\u00e1 doba \u010dten\u00ed":"3 minuty"},"schema":{"@context":"https:\/\/schema.org","@graph":[{"@type":"Article","@id":"https:\/\/ritual.cz\/index.php\/2026\/08\/30\/prolnuti-keltskych-svatku-s-dnesnimi\/#article","isPartOf":{"@id":"https:\/\/ritual.cz\/index.php\/2026\/08\/30\/prolnuti-keltskych-svatku-s-dnesnimi\/"},"author":{"name":"Z-Ayin","@id":"https:\/\/ritual.cz\/#\/schema\/person\/87e87ba7e5688c58bd6f28117091cd7d"},"headline":"Prolnut\u00ed keltsk\u00fdch sv\u00e1tk\u016f s dne\u0161n\u00edmi","datePublished":"2026-08-30T19:27:00+00:00","mainEntityOfPage":{"@id":"https:\/\/ritual.cz\/index.php\/2026\/08\/30\/prolnuti-keltskych-svatku-s-dnesnimi\/"},"wordCount":601,"commentCount":0,"publisher":{"@id":"https:\/\/ritual.cz\/#organization"},"image":{"@id":"https:\/\/ritual.cz\/index.php\/2026\/08\/30\/prolnuti-keltskych-svatku-s-dnesnimi\/#primaryimage"},"thumbnailUrl":"https:\/\/ritual.cz\/wp-content\/uploads\/2026\/01\/high-cross-2390757_1280.jpg","keywords":["Archiv"],"articleSection":["Vzduch"],"inLanguage":"cs","potentialAction":[{"@type":"CommentAction","name":"Comment","target":["https:\/\/ritual.cz\/index.php\/2026\/08\/30\/prolnuti-keltskych-svatku-s-dnesnimi\/#respond"]}]},{"@type":"WebPage","@id":"https:\/\/ritual.cz\/index.php\/2026\/08\/30\/prolnuti-keltskych-svatku-s-dnesnimi\/","url":"https:\/\/ritual.cz\/index.php\/2026\/08\/30\/prolnuti-keltskych-svatku-s-dnesnimi\/","name":"Prolnut\u00ed keltsk\u00fdch sv\u00e1tk\u016f s dne\u0161n\u00edmi -","isPartOf":{"@id":"https:\/\/ritual.cz\/#website"},"primaryImageOfPage":{"@id":"https:\/\/ritual.cz\/index.php\/2026\/08\/30\/prolnuti-keltskych-svatku-s-dnesnimi\/#primaryimage"},"image":{"@id":"https:\/\/ritual.cz\/index.php\/2026\/08\/30\/prolnuti-keltskych-svatku-s-dnesnimi\/#primaryimage"},"thumbnailUrl":"https:\/\/ritual.cz\/wp-content\/uploads\/2026\/01\/high-cross-2390757_1280.jpg","datePublished":"2026-08-30T19:27:00+00:00","description":"Me\u00e1n Samhraidh: letn\u00ed slunovrat-nejdel\u0161\u00ed den v roce. Kelti uct\u00edvaly slunce ze v\u0161eho nejv\u00edc. O p\u016flnoci se v tento den zapalovaly na kopc\u00edch ohn\u011b a lid\u00e9 kolem nich tan\u010dily a p\u0159eskakovaly je. P\u0159i letn\u00edm slunovratu se","breadcrumb":{"@id":"https:\/\/ritual.cz\/index.php\/2026\/08\/30\/prolnuti-keltskych-svatku-s-dnesnimi\/#breadcrumb"},"inLanguage":"cs","potentialAction":[{"@type":"ReadAction","target":["https:\/\/ritual.cz\/index.php\/2026\/08\/30\/prolnuti-keltskych-svatku-s-dnesnimi\/"]}]},{"@type":"ImageObject","inLanguage":"cs","@id":"https:\/\/ritual.cz\/index.php\/2026\/08\/30\/prolnuti-keltskych-svatku-s-dnesnimi\/#primaryimage","url":"https:\/\/ritual.cz\/wp-content\/uploads\/2026\/01\/high-cross-2390757_1280.jpg","contentUrl":"https:\/\/ritual.cz\/wp-content\/uploads\/2026\/01\/high-cross-2390757_1280.jpg","width":848,"height":1280},{"@type":"BreadcrumbList","@id":"https:\/\/ritual.cz\/index.php\/2026\/08\/30\/prolnuti-keltskych-svatku-s-dnesnimi\/#breadcrumb","itemListElement":[{"@type":"ListItem","position":1,"name":"Dom\u016f","item":"https:\/\/ritual.cz\/"},{"@type":"ListItem","position":2,"name":"Prolnut\u00ed keltsk\u00fdch sv\u00e1tk\u016f s dne\u0161n\u00edmi"}]},{"@type":"WebSite","@id":"https:\/\/ritual.cz\/#website","url":"https:\/\/ritual.cz\/","name":"Ritual","description":"Port\u00e1l pro magii, esoteriku, zdrav\u00ed a duchovn\u00ed rozvoj","publisher":{"@id":"https:\/\/ritual.cz\/#organization"},"potentialAction":[{"@type":"SearchAction","target":{"@type":"EntryPoint","urlTemplate":"https:\/\/ritual.cz\/?s={search_term_string}"},"query-input":{"@type":"PropertyValueSpecification","valueRequired":true,"valueName":"search_term_string"}}],"inLanguage":"cs"},{"@type":"Organization","@id":"https:\/\/ritual.cz\/#organization","name":"Ritual","url":"https:\/\/ritual.cz\/","logo":{"@type":"ImageObject","inLanguage":"cs","@id":"https:\/\/ritual.cz\/#\/schema\/logo\/image\/","url":"https:\/\/ritual.cz\/wp-content\/uploads\/2020\/03\/logo_ritual.gif","contentUrl":"https:\/\/ritual.cz\/wp-content\/uploads\/2020\/03\/logo_ritual.gif","width":219,"height":172,"caption":"Ritual"},"image":{"@id":"https:\/\/ritual.cz\/#\/schema\/logo\/image\/"}},{"@type":"Person","@id":"https:\/\/ritual.cz\/#\/schema\/person\/87e87ba7e5688c58bd6f28117091cd7d","name":"Z-Ayin","image":{"@type":"ImageObject","inLanguage":"cs","@id":"https:\/\/secure.gravatar.com\/avatar\/9bde32db754c9f84a830d49afe9ef45bcba2e1166c58734e7c7f45136c6dc1a1?s=96&d=wavatar&r=g","url":"https:\/\/secure.gravatar.com\/avatar\/9bde32db754c9f84a830d49afe9ef45bcba2e1166c58734e7c7f45136c6dc1a1?s=96&d=wavatar&r=g","contentUrl":"https:\/\/secure.gravatar.com\/avatar\/9bde32db754c9f84a830d49afe9ef45bcba2e1166c58734e7c7f45136c6dc1a1?s=96&d=wavatar&r=g","caption":"Z-Ayin"},"url":"https:\/\/ritual.cz\/index.php\/author\/zuzana\/"}]}},"_links":{"self":[{"href":"https:\/\/ritual.cz\/index.php\/wp-json\/wp\/v2\/posts\/2067","targetHints":{"allow":["GET"]}}],"collection":[{"href":"https:\/\/ritual.cz\/index.php\/wp-json\/wp\/v2\/posts"}],"about":[{"href":"https:\/\/ritual.cz\/index.php\/wp-json\/wp\/v2\/types\/post"}],"author":[{"embeddable":true,"href":"https:\/\/ritual.cz\/index.php\/wp-json\/wp\/v2\/users\/2"}],"replies":[{"embeddable":true,"href":"https:\/\/ritual.cz\/index.php\/wp-json\/wp\/v2\/comments?post=2067"}],"version-history":[{"count":1,"href":"https:\/\/ritual.cz\/index.php\/wp-json\/wp\/v2\/posts\/2067\/revisions"}],"predecessor-version":[{"id":2069,"href":"https:\/\/ritual.cz\/index.php\/wp-json\/wp\/v2\/posts\/2067\/revisions\/2069"}],"wp:featuredmedia":[{"embeddable":true,"href":"https:\/\/ritual.cz\/index.php\/wp-json\/wp\/v2\/media\/2068"}],"wp:attachment":[{"href":"https:\/\/ritual.cz\/index.php\/wp-json\/wp\/v2\/media?parent=2067"}],"wp:term":[{"taxonomy":"category","embeddable":true,"href":"https:\/\/ritual.cz\/index.php\/wp-json\/wp\/v2\/categories?post=2067"},{"taxonomy":"post_tag","embeddable":true,"href":"https:\/\/ritual.cz\/index.php\/wp-json\/wp\/v2\/tags?post=2067"}],"curies":[{"name":"wp","href":"https:\/\/api.w.org\/{rel}","templated":true}]}}