{"id":267,"date":"2020-06-07T19:27:00","date_gmt":"2020-06-07T17:27:00","guid":{"rendered":"https:\/\/ritual.cz\/?p=267"},"modified":"2020-06-05T12:49:55","modified_gmt":"2020-06-05T10:49:55","slug":"cesta-casem","status":"publish","type":"post","link":"https:\/\/ritual.cz\/index.php\/2020\/06\/07\/cesta-casem\/","title":{"rendered":"CESTA \u010cASEM"},"content":{"rendered":"\n<p>P\u0159ed ned\u00e1vnem jsem pro\u017eil bolestn\u00e9, ale tak\u00e9 velmi d\u016fle\u017eit\u00e9 a podn\u011btn\u00e9 setk\u00e1n\u00ed\u2026 Nezaujat\u00fd pozorovatel by vid\u011bl asi toto: Jaroslav se potkal s kamar\u00e1dkou sv\u00e9 d\u00edvky a rozpomn\u011bl si, \u017ee ji zn\u00e1, respektive znal z doby p\u0159ed cca sedmi lety. Pov\u00eddali si o star\u00fdch \u010dasech a pak \u0161li ka\u017ed\u00fd svou cestou. Nic zvl\u00e1\u0161tn\u00edho.<br><br>Ale uvnit\u0159 se d\u011blo n\u011bco tak\u0159ka nepopsateln\u00e9ho.Nesetkal jsem se toti\u017e jen s n\u011bk\u00fdm ze sv\u00e9 minulosti, ale tak\u00e9 s\u00e1m se sebou. S devaten\u00e1ctilet\u00fdm Jaroslavem. B\u011bhem hovoru mi nab\u00edhaly nejen vzpom\u00ednky, ale i pocity s nimi spojen\u00e9, a\u017e jsem jakoby vid\u011bl p\u0159ed sebou sv\u00e9 devaten\u00e1ctilet\u00e9 ego. Bylo to d\u011bsiv\u00e9. V\u0161e, co jsem pro\u017eil, cel\u00fdch t\u011bch sedm let, najednou zmizelo. Nedok\u00e1zal jsem skute\u010dn\u011b vn\u00edmat svou d\u00edvku, sed\u00edc\u00ed vedle, zapomn\u011bl jsem na sv\u00e9ho psa, vr\u00e1tily se pocity d\u00e1vno zapomenut\u00e9. <\/p>\n\n\n\n<p>Ud\u011blalo se mi z toho \u0161patn\u011b.<\/p>\n\n\n\n<p>V jedn\u00e9 sci-fi o cestov\u00e1n\u00ed \u010dasem je hlavn\u00edmu hrdinovi fyzicky \u0161patn\u011b, kdy\u017e potk\u00e1 s\u00e1m sebe. Kdy\u017e jsem to kdysi \u010detl, nech\u00e1pal jsem. Nyn\u00ed u\u017e ano.<br><br>Ud\u011blalo se mi \u0161patn\u011b ze sebe\u2026<\/p>\n\n\n\n<p>P\u0159i\u0161li jsme dom\u016f. Le\u017eel jsem a zoufale jsem nemohl usnout &#8211; jako u\u017e mnohokr\u00e1t v minulosti. Nemyslel jsem na nic konkr\u00e9tn\u00edho, jen mi bylo fyzicky i psychicky mizern\u011b. Postupn\u011b jsem se v\u0161ak vracel do p\u0159\u00edtomnosti.<\/p>\n\n\n\n<p>Kdy\u017e jsem se alespo\u0148 \u010d\u00e1ste\u010dn\u011b vzpamatoval, p\u0159i\u0161la vhodn\u00e1 doba k p\u0159em\u00fd\u0161len\u00ed\u2026<\/p>\n\n\n\n<p>Kdo byl ten \u010dlov\u011bk, kter\u00e9ho jsem potkal?<\/p>\n\n\n\n<p>Byl jsem to skute\u010dn\u011b j\u00e1?<\/p>\n\n\n\n<p>Jak bych mohl b\u00fdt n\u011bk\u00fdm tak stra\u0161liv\u011b jin\u00fdm?<\/p>\n\n\n\n<p>Nebo l\u00e9pe:<\/p>\n\n\n\n<p>Jak jsem mohl b\u00fdt n\u011bk\u00fdm tak stra\u0161liv\u011b jin\u00fdm?<\/p>\n\n\n\n<p>My\u0161lenky eskalovaly a nakonec p\u0159e\u0161ly v ticho. Nejen rozumem, ale srdcem jsem poznal, \u017ee jsem to nebyl j\u00e1, a \u017ee to nejsem j\u00e1 ani te\u010f. \u017de se pouze setkala dv\u011b rozd\u00edln\u00e1 ega, ka\u017ed\u00e9 bylo zd\u011b\u0161eno t\u00edm druh\u00fdm a bojovalo o sv\u00e9 byt\u00ed. Ten boj je vy\u010derpal. Nezni\u010dil, ob\u00e1v\u00e1m se, ale alespo\u0148 oslabil. Vid\u011bl jsem (a v t\u00e9to chv\u00edli st\u00e1le je\u0161t\u011b vid\u00edm) prom\u011bny sv\u00e9ho ega, kter\u00e9 obaluje a zasti\u0148uje Pr\u00e1zdnotu buddhist\u016f \u010di Eckhartovu bo\u017e\u00ed jisk\u0159i\u010dku. Jen se ob\u00e1v\u00e1m, \u017ee tak, jako u\u017e po tolik\u00e1t\u00e9, najde si ego n\u011bjak\u00e1 ta zadn\u00ed vr\u00e1tka a vr\u00e1t\u00ed se. Zat\u00edm se v\u017edy vr\u00e1tilo. Snad ale bude zase o n\u011bco slab\u0161\u00ed, m\u00e9n\u011b zotro\u010duj\u00edc\u00ed. Zvl\u00e1\u0161t\u011b nyn\u00ed ale hluboce uvnit\u0159 rozum\u00edm tvrzen\u00ed Dona Juana z jedn\u00e9 Castanedovy knihy: &#8222;Jedin\u00e1 v\u011bc, kter\u00e1 m\u00e1 v \u017eivot\u011b smysl, je boj za vlastn\u00ed svobodu.&#8220; Za svobodu od iluze fale\u0161n\u00e9ho j\u00e1, od \u017erav\u00e9ho a sobeck\u00e9ho ega, br\u00e1n\u00edc\u00edho porozum\u011bt podstat\u011b.<\/p>\n\n\n\n<p>P\u0159ed ned\u00e1vnem jsem pro\u017eil bolestn\u00e9, ale tak\u00e9 velmi d\u016fle\u017eit\u00e9 a podn\u011btn\u00e9 setk\u00e1n\u00ed.<\/p>\n\n\n\n<p>Byl to ot\u0159esn\u00fd z\u00e1\u017eitek, ale jsem za n\u011bj vd\u011b\u010dn\u00fd.<\/p>\n\n\n\n<p>Zase jsem n\u011bco m\u00e1lo pochopil\u2026<\/p>\n\n\n\n<p><\/p>\n\n\n\n<p>Jaroslav<\/p>\n\n\n\n<hr class=\"wp-block-separator\"\/>\n\n\n\n\n\n<div class=\"kk-star-ratings kksr-auto kksr-align-center kksr-valign-bottom\"\n    data-payload='{&quot;align&quot;:&quot;center&quot;,&quot;id&quot;:&quot;267&quot;,&quot;slug&quot;:&quot;default&quot;,&quot;valign&quot;:&quot;bottom&quot;,&quot;ignore&quot;:&quot;&quot;,&quot;reference&quot;:&quot;auto&quot;,&quot;class&quot;:&quot;&quot;,&quot;count&quot;:&quot;2&quot;,&quot;legendonly&quot;:&quot;&quot;,&quot;readonly&quot;:&quot;&quot;,&quot;score&quot;:&quot;4&quot;,&quot;starsonly&quot;:&quot;&quot;,&quot;best&quot;:&quot;5&quot;,&quot;gap&quot;:&quot;4&quot;,&quot;greet&quot;:&quot;Ohodno\u0165&quot;,&quot;legend&quot;:&quot;4\\\/5 - (2 votes)&quot;,&quot;size&quot;:&quot;24&quot;,&quot;title&quot;:&quot;CESTA \u010cASEM&quot;,&quot;width&quot;:&quot;110&quot;,&quot;_legend&quot;:&quot;{score}\\\/{best} - ({count} {votes})&quot;,&quot;font_factor&quot;:&quot;1.25&quot;}'>\n            \n<div class=\"kksr-stars\">\n    \n<div class=\"kksr-stars-inactive\">\n            <div class=\"kksr-star\" data-star=\"1\" style=\"padding-right: 4px\">\n            \n\n<div class=\"kksr-icon\" style=\"width: 24px; height: 24px;\"><\/div>\n        <\/div>\n            <div class=\"kksr-star\" data-star=\"2\" style=\"padding-right: 4px\">\n            \n\n<div class=\"kksr-icon\" style=\"width: 24px; height: 24px;\"><\/div>\n        <\/div>\n            <div class=\"kksr-star\" data-star=\"3\" style=\"padding-right: 4px\">\n            \n\n<div class=\"kksr-icon\" style=\"width: 24px; height: 24px;\"><\/div>\n        <\/div>\n            <div class=\"kksr-star\" data-star=\"4\" style=\"padding-right: 4px\">\n            \n\n<div class=\"kksr-icon\" style=\"width: 24px; height: 24px;\"><\/div>\n        <\/div>\n            <div class=\"kksr-star\" data-star=\"5\" style=\"padding-right: 4px\">\n            \n\n<div class=\"kksr-icon\" style=\"width: 24px; height: 24px;\"><\/div>\n        <\/div>\n    <\/div>\n    \n<div class=\"kksr-stars-active\" style=\"width: 110px;\">\n            <div class=\"kksr-star\" style=\"padding-right: 4px\">\n            \n\n<div class=\"kksr-icon\" style=\"width: 24px; height: 24px;\"><\/div>\n        <\/div>\n            <div class=\"kksr-star\" style=\"padding-right: 4px\">\n            \n\n<div class=\"kksr-icon\" style=\"width: 24px; height: 24px;\"><\/div>\n        <\/div>\n            <div class=\"kksr-star\" style=\"padding-right: 4px\">\n            \n\n<div class=\"kksr-icon\" style=\"width: 24px; height: 24px;\"><\/div>\n        <\/div>\n            <div class=\"kksr-star\" style=\"padding-right: 4px\">\n            \n\n<div class=\"kksr-icon\" style=\"width: 24px; height: 24px;\"><\/div>\n        <\/div>\n            <div class=\"kksr-star\" style=\"padding-right: 4px\">\n            \n\n<div class=\"kksr-icon\" style=\"width: 24px; height: 24px;\"><\/div>\n        <\/div>\n    <\/div>\n<\/div>\n                \n\n<div class=\"kksr-legend\" style=\"font-size: 19.2px;\">\n            4\/5 - (2 votes)    <\/div>\n    <\/div>\n<p>Views: 13<\/p>","protected":false},"excerpt":{"rendered":"<p>P\u0159ed ned\u00e1vnem jsem pro\u017eil bolestn\u00e9, ale tak\u00e9 velmi d\u016fle\u017eit\u00e9 a podn\u011btn\u00e9 setk\u00e1n\u00ed\u2026 Nezaujat\u00fd pozorovatel by vid\u011bl asi toto: Jaroslav se<\/p>\n","protected":false},"author":1,"featured_media":0,"comment_status":"open","ping_status":"closed","sticky":false,"template":"","format":"standard","meta":{"colormag_page_container_layout":"default_layout","colormag_page_sidebar_layout":"default_layout","footnotes":""},"categories":[5],"tags":[15],"class_list":["post-267","post","type-post","status-publish","format-standard","hentry","category-vzduch","tag-archiv"],"yoast_head":"<!-- This site is optimized with the Yoast SEO plugin v27.4 - https:\/\/yoast.com\/product\/yoast-seo-wordpress\/ -->\n<title>CESTA \u010cASEM -<\/title>\n<meta name=\"robots\" content=\"index, follow, max-snippet:-1, max-image-preview:large, max-video-preview:-1\" \/>\n<link rel=\"canonical\" href=\"https:\/\/ritual.cz\/index.php\/2020\/06\/07\/cesta-casem\/\" \/>\n<meta property=\"og:locale\" content=\"cs_CZ\" \/>\n<meta property=\"og:type\" content=\"article\" \/>\n<meta property=\"og:title\" content=\"CESTA \u010cASEM -\" \/>\n<meta property=\"og:description\" content=\"P\u0159ed ned\u00e1vnem jsem pro\u017eil bolestn\u00e9, ale tak\u00e9 velmi d\u016fle\u017eit\u00e9 a podn\u011btn\u00e9 setk\u00e1n\u00ed\u2026 Nezaujat\u00fd pozorovatel by vid\u011bl asi toto: Jaroslav se\" \/>\n<meta property=\"og:url\" content=\"https:\/\/ritual.cz\/index.php\/2020\/06\/07\/cesta-casem\/\" \/>\n<meta property=\"article:published_time\" content=\"2020-06-07T17:27:00+00:00\" \/>\n<meta name=\"author\" content=\"Roman\" \/>\n<meta name=\"twitter:card\" content=\"summary_large_image\" \/>\n<meta name=\"twitter:label1\" content=\"Napsal(a)\" \/>\n\t<meta name=\"twitter:data1\" content=\"Roman\" \/>\n\t<meta name=\"twitter:label2\" content=\"Odhadovan\u00e1 doba \u010dten\u00ed\" \/>\n\t<meta name=\"twitter:data2\" content=\"3 minuty\" \/>\n<script type=\"application\/ld+json\" class=\"yoast-schema-graph\">{\"@context\":\"https:\\\/\\\/schema.org\",\"@graph\":[{\"@type\":\"Article\",\"@id\":\"https:\\\/\\\/ritual.cz\\\/index.php\\\/2020\\\/06\\\/07\\\/cesta-casem\\\/#article\",\"isPartOf\":{\"@id\":\"https:\\\/\\\/ritual.cz\\\/index.php\\\/2020\\\/06\\\/07\\\/cesta-casem\\\/\"},\"author\":{\"name\":\"Roman\",\"@id\":\"https:\\\/\\\/ritual.cz\\\/#\\\/schema\\\/person\\\/5474411d0e16f484d7888c39b03ad5e4\"},\"headline\":\"CESTA \u010cASEM\",\"datePublished\":\"2020-06-07T17:27:00+00:00\",\"mainEntityOfPage\":{\"@id\":\"https:\\\/\\\/ritual.cz\\\/index.php\\\/2020\\\/06\\\/07\\\/cesta-casem\\\/\"},\"wordCount\":559,\"commentCount\":0,\"publisher\":{\"@id\":\"https:\\\/\\\/ritual.cz\\\/#organization\"},\"keywords\":[\"Archiv\"],\"articleSection\":[\"Vzduch\"],\"inLanguage\":\"cs\",\"potentialAction\":[{\"@type\":\"CommentAction\",\"name\":\"Comment\",\"target\":[\"https:\\\/\\\/ritual.cz\\\/index.php\\\/2020\\\/06\\\/07\\\/cesta-casem\\\/#respond\"]}]},{\"@type\":\"WebPage\",\"@id\":\"https:\\\/\\\/ritual.cz\\\/index.php\\\/2020\\\/06\\\/07\\\/cesta-casem\\\/\",\"url\":\"https:\\\/\\\/ritual.cz\\\/index.php\\\/2020\\\/06\\\/07\\\/cesta-casem\\\/\",\"name\":\"CESTA \u010cASEM -\",\"isPartOf\":{\"@id\":\"https:\\\/\\\/ritual.cz\\\/#website\"},\"datePublished\":\"2020-06-07T17:27:00+00:00\",\"breadcrumb\":{\"@id\":\"https:\\\/\\\/ritual.cz\\\/index.php\\\/2020\\\/06\\\/07\\\/cesta-casem\\\/#breadcrumb\"},\"inLanguage\":\"cs\",\"potentialAction\":[{\"@type\":\"ReadAction\",\"target\":[\"https:\\\/\\\/ritual.cz\\\/index.php\\\/2020\\\/06\\\/07\\\/cesta-casem\\\/\"]}]},{\"@type\":\"BreadcrumbList\",\"@id\":\"https:\\\/\\\/ritual.cz\\\/index.php\\\/2020\\\/06\\\/07\\\/cesta-casem\\\/#breadcrumb\",\"itemListElement\":[{\"@type\":\"ListItem\",\"position\":1,\"name\":\"Dom\u016f\",\"item\":\"https:\\\/\\\/ritual.cz\\\/\"},{\"@type\":\"ListItem\",\"position\":2,\"name\":\"CESTA \u010cASEM\"}]},{\"@type\":\"WebSite\",\"@id\":\"https:\\\/\\\/ritual.cz\\\/#website\",\"url\":\"https:\\\/\\\/ritual.cz\\\/\",\"name\":\"Ritual\",\"description\":\"Port\u00e1l pro magii, esoteriku, zdrav\u00ed a duchovn\u00ed rozvoj\",\"publisher\":{\"@id\":\"https:\\\/\\\/ritual.cz\\\/#organization\"},\"potentialAction\":[{\"@type\":\"SearchAction\",\"target\":{\"@type\":\"EntryPoint\",\"urlTemplate\":\"https:\\\/\\\/ritual.cz\\\/?s={search_term_string}\"},\"query-input\":{\"@type\":\"PropertyValueSpecification\",\"valueRequired\":true,\"valueName\":\"search_term_string\"}}],\"inLanguage\":\"cs\"},{\"@type\":\"Organization\",\"@id\":\"https:\\\/\\\/ritual.cz\\\/#organization\",\"name\":\"Ritual\",\"url\":\"https:\\\/\\\/ritual.cz\\\/\",\"logo\":{\"@type\":\"ImageObject\",\"inLanguage\":\"cs\",\"@id\":\"https:\\\/\\\/ritual.cz\\\/#\\\/schema\\\/logo\\\/image\\\/\",\"url\":\"https:\\\/\\\/ritual.cz\\\/wp-content\\\/uploads\\\/2020\\\/03\\\/logo_ritual.gif\",\"contentUrl\":\"https:\\\/\\\/ritual.cz\\\/wp-content\\\/uploads\\\/2020\\\/03\\\/logo_ritual.gif\",\"width\":219,\"height\":172,\"caption\":\"Ritual\"},\"image\":{\"@id\":\"https:\\\/\\\/ritual.cz\\\/#\\\/schema\\\/logo\\\/image\\\/\"}},{\"@type\":\"Person\",\"@id\":\"https:\\\/\\\/ritual.cz\\\/#\\\/schema\\\/person\\\/5474411d0e16f484d7888c39b03ad5e4\",\"name\":\"Roman\",\"image\":{\"@type\":\"ImageObject\",\"inLanguage\":\"cs\",\"@id\":\"https:\\\/\\\/secure.gravatar.com\\\/avatar\\\/3514e5770a1ed444c77e2acbea6697d6e31fc75b7810cc07c11824fbf9ba1f00?s=96&d=wavatar&r=g\",\"url\":\"https:\\\/\\\/secure.gravatar.com\\\/avatar\\\/3514e5770a1ed444c77e2acbea6697d6e31fc75b7810cc07c11824fbf9ba1f00?s=96&d=wavatar&r=g\",\"contentUrl\":\"https:\\\/\\\/secure.gravatar.com\\\/avatar\\\/3514e5770a1ed444c77e2acbea6697d6e31fc75b7810cc07c11824fbf9ba1f00?s=96&d=wavatar&r=g\",\"caption\":\"Roman\"},\"url\":\"https:\\\/\\\/ritual.cz\\\/index.php\\\/author\\\/roman\\\/\"}]}<\/script>\n<!-- \/ Yoast SEO plugin. -->","yoast_head_json":{"title":"CESTA \u010cASEM -","robots":{"index":"index","follow":"follow","max-snippet":"max-snippet:-1","max-image-preview":"max-image-preview:large","max-video-preview":"max-video-preview:-1"},"canonical":"https:\/\/ritual.cz\/index.php\/2020\/06\/07\/cesta-casem\/","og_locale":"cs_CZ","og_type":"article","og_title":"CESTA \u010cASEM -","og_description":"P\u0159ed ned\u00e1vnem jsem pro\u017eil bolestn\u00e9, ale tak\u00e9 velmi d\u016fle\u017eit\u00e9 a podn\u011btn\u00e9 setk\u00e1n\u00ed\u2026 Nezaujat\u00fd pozorovatel by vid\u011bl asi toto: Jaroslav se","og_url":"https:\/\/ritual.cz\/index.php\/2020\/06\/07\/cesta-casem\/","article_published_time":"2020-06-07T17:27:00+00:00","author":"Roman","twitter_card":"summary_large_image","twitter_misc":{"Napsal(a)":"Roman","Odhadovan\u00e1 doba \u010dten\u00ed":"3 minuty"},"schema":{"@context":"https:\/\/schema.org","@graph":[{"@type":"Article","@id":"https:\/\/ritual.cz\/index.php\/2020\/06\/07\/cesta-casem\/#article","isPartOf":{"@id":"https:\/\/ritual.cz\/index.php\/2020\/06\/07\/cesta-casem\/"},"author":{"name":"Roman","@id":"https:\/\/ritual.cz\/#\/schema\/person\/5474411d0e16f484d7888c39b03ad5e4"},"headline":"CESTA \u010cASEM","datePublished":"2020-06-07T17:27:00+00:00","mainEntityOfPage":{"@id":"https:\/\/ritual.cz\/index.php\/2020\/06\/07\/cesta-casem\/"},"wordCount":559,"commentCount":0,"publisher":{"@id":"https:\/\/ritual.cz\/#organization"},"keywords":["Archiv"],"articleSection":["Vzduch"],"inLanguage":"cs","potentialAction":[{"@type":"CommentAction","name":"Comment","target":["https:\/\/ritual.cz\/index.php\/2020\/06\/07\/cesta-casem\/#respond"]}]},{"@type":"WebPage","@id":"https:\/\/ritual.cz\/index.php\/2020\/06\/07\/cesta-casem\/","url":"https:\/\/ritual.cz\/index.php\/2020\/06\/07\/cesta-casem\/","name":"CESTA \u010cASEM -","isPartOf":{"@id":"https:\/\/ritual.cz\/#website"},"datePublished":"2020-06-07T17:27:00+00:00","breadcrumb":{"@id":"https:\/\/ritual.cz\/index.php\/2020\/06\/07\/cesta-casem\/#breadcrumb"},"inLanguage":"cs","potentialAction":[{"@type":"ReadAction","target":["https:\/\/ritual.cz\/index.php\/2020\/06\/07\/cesta-casem\/"]}]},{"@type":"BreadcrumbList","@id":"https:\/\/ritual.cz\/index.php\/2020\/06\/07\/cesta-casem\/#breadcrumb","itemListElement":[{"@type":"ListItem","position":1,"name":"Dom\u016f","item":"https:\/\/ritual.cz\/"},{"@type":"ListItem","position":2,"name":"CESTA \u010cASEM"}]},{"@type":"WebSite","@id":"https:\/\/ritual.cz\/#website","url":"https:\/\/ritual.cz\/","name":"Ritual","description":"Port\u00e1l pro magii, esoteriku, zdrav\u00ed a duchovn\u00ed rozvoj","publisher":{"@id":"https:\/\/ritual.cz\/#organization"},"potentialAction":[{"@type":"SearchAction","target":{"@type":"EntryPoint","urlTemplate":"https:\/\/ritual.cz\/?s={search_term_string}"},"query-input":{"@type":"PropertyValueSpecification","valueRequired":true,"valueName":"search_term_string"}}],"inLanguage":"cs"},{"@type":"Organization","@id":"https:\/\/ritual.cz\/#organization","name":"Ritual","url":"https:\/\/ritual.cz\/","logo":{"@type":"ImageObject","inLanguage":"cs","@id":"https:\/\/ritual.cz\/#\/schema\/logo\/image\/","url":"https:\/\/ritual.cz\/wp-content\/uploads\/2020\/03\/logo_ritual.gif","contentUrl":"https:\/\/ritual.cz\/wp-content\/uploads\/2020\/03\/logo_ritual.gif","width":219,"height":172,"caption":"Ritual"},"image":{"@id":"https:\/\/ritual.cz\/#\/schema\/logo\/image\/"}},{"@type":"Person","@id":"https:\/\/ritual.cz\/#\/schema\/person\/5474411d0e16f484d7888c39b03ad5e4","name":"Roman","image":{"@type":"ImageObject","inLanguage":"cs","@id":"https:\/\/secure.gravatar.com\/avatar\/3514e5770a1ed444c77e2acbea6697d6e31fc75b7810cc07c11824fbf9ba1f00?s=96&d=wavatar&r=g","url":"https:\/\/secure.gravatar.com\/avatar\/3514e5770a1ed444c77e2acbea6697d6e31fc75b7810cc07c11824fbf9ba1f00?s=96&d=wavatar&r=g","contentUrl":"https:\/\/secure.gravatar.com\/avatar\/3514e5770a1ed444c77e2acbea6697d6e31fc75b7810cc07c11824fbf9ba1f00?s=96&d=wavatar&r=g","caption":"Roman"},"url":"https:\/\/ritual.cz\/index.php\/author\/roman\/"}]}},"_links":{"self":[{"href":"https:\/\/ritual.cz\/index.php\/wp-json\/wp\/v2\/posts\/267","targetHints":{"allow":["GET"]}}],"collection":[{"href":"https:\/\/ritual.cz\/index.php\/wp-json\/wp\/v2\/posts"}],"about":[{"href":"https:\/\/ritual.cz\/index.php\/wp-json\/wp\/v2\/types\/post"}],"author":[{"embeddable":true,"href":"https:\/\/ritual.cz\/index.php\/wp-json\/wp\/v2\/users\/1"}],"replies":[{"embeddable":true,"href":"https:\/\/ritual.cz\/index.php\/wp-json\/wp\/v2\/comments?post=267"}],"version-history":[{"count":0,"href":"https:\/\/ritual.cz\/index.php\/wp-json\/wp\/v2\/posts\/267\/revisions"}],"wp:attachment":[{"href":"https:\/\/ritual.cz\/index.php\/wp-json\/wp\/v2\/media?parent=267"}],"wp:term":[{"taxonomy":"category","embeddable":true,"href":"https:\/\/ritual.cz\/index.php\/wp-json\/wp\/v2\/categories?post=267"},{"taxonomy":"post_tag","embeddable":true,"href":"https:\/\/ritual.cz\/index.php\/wp-json\/wp\/v2\/tags?post=267"}],"curies":[{"name":"wp","href":"https:\/\/api.w.org\/{rel}","templated":true}]}}