{"id":300,"date":"2020-06-15T18:18:00","date_gmt":"2020-06-15T16:18:00","guid":{"rendered":"https:\/\/ritual.cz\/?p=300"},"modified":"2020-06-19T11:11:39","modified_gmt":"2020-06-19T09:11:39","slug":"blanik-a-iii-rise","status":"publish","type":"post","link":"https:\/\/ritual.cz\/index.php\/2020\/06\/15\/blanik-a-iii-rise\/","title":{"rendered":"Blan\u00edk a III. \u0159\u00ed\u0161e"},"content":{"rendered":"\n<p>Co d\u011blali nacist\u00e9 na Blan\u00edku?<br>Pro\u010d si vybrali Blan\u00edk?<br>Blan\u00edk je u\u017e od d\u00e1vn\u00fdch \u010das\u016f pro v\u0161echny mystick\u00e1 hora, kter\u00e1 skr\u00fdv\u00e1 tajemstv\u00ed nezn\u00e1ma. Snad proto si ji vybrali nacist\u00e9, kte\u0159\u00ed zde, mo\u017en\u00e1 prov\u00e1d\u011bli sv\u00e9 ritu\u00e1ly nebo zde zakopali pov\u011bstnou jantarovou komnatu. Tak to u\u017e se jen t\u011b\u017eko dozv\u00edme.<br>Blan\u00edk je vlastn\u011b st\u0159edem pozornosti u\u017e od d\u00e1vn\u00e9ho prav\u011bku. Ale pro\u010d vlastn\u011b? Tuto novinku mezi z\u00e1hadami jsem objevil j\u00e1 a m\u016fj kamar\u00e1d M.K., kdy\u017e jsme jen tak n\u00e1hodou se\u0161li se stezky a ocitli se p\u0159ed stromem z h\u00e1kov\u00fdmi k\u0159\u00ed\u017ei. Po bli\u017e\u0161\u00edm prozkoum\u00e1n\u00ed jsme zjistili, \u017ee svastiky jsou na 7 stromech a na jednom je je\u0161t\u011b n\u011bmeck\u00e1 \u0161ifra.<\/p>\n\n\n\n<p>Kdy\u017e tyto body pospojujete tak V\u00e1m vznikne pravideln\u00fd pentagram nebo tak\u00e9 \u017eidovsk\u00e1 hv\u011bzda.Ve st\u0159edu t\u011bchto obrazc\u016f se vyskytuj\u00ed dva nejv\u011bt\u0161\u00ed h\u00e1kov\u00e9 k\u0159\u00ed\u017ee, kter\u00e9 jsou od sebe vzd\u00e1leny p\u0159esn\u00fdch 6 metr\u016f a nejv\u011bt\u0161\u00ed z t\u011bchto k\u0159\u00ed\u017e\u016f je vzd\u00e1len od sk\u00e1ly p\u0159esn\u00fdch 5,5 metru. Mo\u017en\u00e1 si mysl\u00edte, \u017ee tyto rozm\u011bry nejsou v\u016fbec d\u016fle\u017eit\u00e9. Mo\u017en\u00e1 ne, ale jak pro koho.<br>Toti\u017e ta \u0161ifra, co je vyryta na tom strom\u011b znamen\u00e1 neboli vyjad\u0159uje r\u016fzn\u00e1 \u010d\u00edsla a to: 50 a 500 a z toho m\u016f\u017eeme usoudit, \u017ee se jedn\u00e1 o tato \u010d\u00edsla &#8211; 50 500,550 a 5,50.<\/p>\n\n\n\n<p>Pro\u010d jsou vlastn\u011b na t\u011bchto stromech h\u00e1kov\u00e9 k\u0159\u00ed\u017ee a pro\u010d jsou zrovna uspo\u0159\u00e1d\u00e1ny do pentagramu? V germ\u00e1nsk\u00fdch run\u00e1ch se vyskytuje jedna zaj\u00edmav\u00e1 runa s n\u00e1zvem Hagall &#8211; tato runa se d\u011bl\u00ed na dal\u0161\u00ed dv\u011b runy, Ask a Embla. kresl\u00ed se ve tvaru pentagramu nebo \u0160alamounovy hv\u011bzdy a jej\u00ed \u010d\u00edseln\u00e9 vyj\u00e1d\u0159en\u00ed je 3,5 a 0.<\/p>\n\n\n\n<p>Runa Ask znamen\u00e1 v \u010desk\u00e9m p\u0159ekladu &#8222;lidskou ob\u011b\u0165&#8220; a runa Embla znamen\u00e1 v doslovn\u00e9m p\u0159ekladu &#8222;br\u00e1na&#8220;. M\u00e1me t\u00edm snad rozum\u011bt, \u017ee nacist\u00e9 v\u011bd\u011bli, jak se mohou dostat do jin\u00e9ho \u010dasoprostoru? Mo\u017en\u00e1 ano nebo taky ne.<br>P\u0159ed \u010dasem se mi poda\u0159ilo zkontaktovat z jedn\u00edm b\u00fdval\u00fdm okultistou, kter\u00fd pracoval v tajn\u00e9 n\u011bmeck\u00e9 skupin\u011b zab\u00fdvaj\u00edc\u00ed se hled\u00e1n\u00edm okultn\u00edch p\u0159edm\u011bt\u016f. Bohu\u017eel ho nemohu jmenovat, jeho \u017eivot bz byl v ohro\u017een\u00ed.<br>\u0158ekl mi jak se prov\u00e1d\u011bj\u00ed tyto tajn\u00e9 ritu\u00e1ly a j\u00e1 se budu sna\u017eit V\u00e1m ho trochu p\u0159ibl\u00ed\u017eit: Nejd\u0159\u00edve se prolije krev na ob\u0159adn\u00edm m\u00edst\u011b, kter\u00e9 je vysv\u011bceno k tomuto \u00fa\u010delu. Krev m\u016f\u017ee b\u00fdt zv\u00ed\u0159ec\u00ed nebo lidsk\u00e1, ale lidsk\u00e1 m\u00e1 lep\u0161\u00ed \u00fa\u010dinky ne\u017e zv\u00ed\u0159ec\u00ed. Potom \u010dlenov\u00e9 t\u00e9to skupiny \u0159\u00edkaj\u00ed nahlas magick\u00e9 formulky v Henochov\u011b jazyce.<\/p>\n\n\n\n<p>Douf\u00e1m, \u017ee ch\u00e1pete pro\u010d jsem nesd\u011blil v\u00edce o tomto ritu\u00e1lu. Jednak proto, \u017ee je velice slo\u017eit\u00fd a tak\u00e9 proto, aby nebyl zneu\u017eit.<br>Z\u00e1v\u011brem snad mohu \u0159\u00edct jen to, \u017ee na tomto m\u00edst\u011b m\u016f\u017ee b\u00fdt i klidn\u011b ukryt nacistick\u00fd poklad nebo snad i podzemn\u00ed m\u00edstnosti. Proto\u017ee nacist\u00e9 byli dobr\u00fdmi ukr\u00fdva\u010di a nejenom poklad\u016f. A nikdo v dne\u0161n\u00ed dob\u011b se jim nevyrovn\u00e1.<\/p>\n\n\n\n<p>Janda Martin<\/p>\n\n\n\n<hr class=\"wp-block-separator\"\/>\n\n\n\n\n\n<div class=\"kk-star-ratings kksr-auto kksr-align-center kksr-valign-bottom\"\n    data-payload='{&quot;align&quot;:&quot;center&quot;,&quot;id&quot;:&quot;300&quot;,&quot;slug&quot;:&quot;default&quot;,&quot;valign&quot;:&quot;bottom&quot;,&quot;ignore&quot;:&quot;&quot;,&quot;reference&quot;:&quot;auto&quot;,&quot;class&quot;:&quot;&quot;,&quot;count&quot;:&quot;3&quot;,&quot;legendonly&quot;:&quot;&quot;,&quot;readonly&quot;:&quot;&quot;,&quot;score&quot;:&quot;3.3&quot;,&quot;starsonly&quot;:&quot;&quot;,&quot;best&quot;:&quot;5&quot;,&quot;gap&quot;:&quot;4&quot;,&quot;greet&quot;:&quot;Ohodno\u0165&quot;,&quot;legend&quot;:&quot;3.3\\\/5 - (3 votes)&quot;,&quot;size&quot;:&quot;24&quot;,&quot;title&quot;:&quot;Blan\u00edk a III. \u0159\u00ed\u0161e&quot;,&quot;width&quot;:&quot;90.4&quot;,&quot;_legend&quot;:&quot;{score}\\\/{best} - ({count} {votes})&quot;,&quot;font_factor&quot;:&quot;1.25&quot;}'>\n            \n<div class=\"kksr-stars\">\n    \n<div class=\"kksr-stars-inactive\">\n            <div class=\"kksr-star\" data-star=\"1\" style=\"padding-right: 4px\">\n            \n\n<div class=\"kksr-icon\" style=\"width: 24px; height: 24px;\"><\/div>\n        <\/div>\n            <div class=\"kksr-star\" data-star=\"2\" style=\"padding-right: 4px\">\n            \n\n<div class=\"kksr-icon\" style=\"width: 24px; height: 24px;\"><\/div>\n        <\/div>\n            <div class=\"kksr-star\" data-star=\"3\" style=\"padding-right: 4px\">\n            \n\n<div class=\"kksr-icon\" style=\"width: 24px; height: 24px;\"><\/div>\n        <\/div>\n            <div class=\"kksr-star\" data-star=\"4\" style=\"padding-right: 4px\">\n            \n\n<div class=\"kksr-icon\" style=\"width: 24px; height: 24px;\"><\/div>\n        <\/div>\n            <div class=\"kksr-star\" data-star=\"5\" style=\"padding-right: 4px\">\n            \n\n<div class=\"kksr-icon\" style=\"width: 24px; height: 24px;\"><\/div>\n        <\/div>\n    <\/div>\n    \n<div class=\"kksr-stars-active\" style=\"width: 90.4px;\">\n            <div class=\"kksr-star\" style=\"padding-right: 4px\">\n            \n\n<div class=\"kksr-icon\" style=\"width: 24px; height: 24px;\"><\/div>\n        <\/div>\n            <div class=\"kksr-star\" style=\"padding-right: 4px\">\n            \n\n<div class=\"kksr-icon\" style=\"width: 24px; height: 24px;\"><\/div>\n        <\/div>\n            <div class=\"kksr-star\" style=\"padding-right: 4px\">\n            \n\n<div class=\"kksr-icon\" style=\"width: 24px; height: 24px;\"><\/div>\n        <\/div>\n            <div class=\"kksr-star\" style=\"padding-right: 4px\">\n            \n\n<div class=\"kksr-icon\" style=\"width: 24px; height: 24px;\"><\/div>\n        <\/div>\n            <div class=\"kksr-star\" style=\"padding-right: 4px\">\n            \n\n<div class=\"kksr-icon\" style=\"width: 24px; height: 24px;\"><\/div>\n        <\/div>\n    <\/div>\n<\/div>\n                \n\n<div class=\"kksr-legend\" style=\"font-size: 19.2px;\">\n            3.3\/5 - (3 votes)    <\/div>\n    <\/div>\n<p>Views: 26<\/p>","protected":false},"excerpt":{"rendered":"<p>Co d\u011blali nacist\u00e9 na Blan\u00edku?Pro\u010d si vybrali Blan\u00edk?Blan\u00edk je u\u017e od d\u00e1vn\u00fdch \u010das\u016f pro v\u0161echny mystick\u00e1 hora, kter\u00e1 skr\u00fdv\u00e1 tajemstv\u00ed<\/p>\n","protected":false},"author":1,"featured_media":0,"comment_status":"open","ping_status":"open","sticky":false,"template":"","format":"standard","meta":{"colormag_page_container_layout":"default_layout","colormag_page_sidebar_layout":"default_layout","footnotes":""},"categories":[5],"tags":[15],"class_list":["post-300","post","type-post","status-publish","format-standard","hentry","category-vzduch","tag-archiv"],"yoast_head":"<!-- This site is optimized with the Yoast SEO plugin v27.4 - https:\/\/yoast.com\/product\/yoast-seo-wordpress\/ -->\n<title>Blan\u00edk a III. \u0159\u00ed\u0161e -<\/title>\n<meta name=\"robots\" content=\"index, follow, max-snippet:-1, max-image-preview:large, max-video-preview:-1\" \/>\n<link rel=\"canonical\" href=\"https:\/\/ritual.cz\/index.php\/2020\/06\/15\/blanik-a-iii-rise\/\" \/>\n<meta property=\"og:locale\" content=\"cs_CZ\" \/>\n<meta property=\"og:type\" content=\"article\" \/>\n<meta property=\"og:title\" content=\"Blan\u00edk a III. \u0159\u00ed\u0161e -\" \/>\n<meta property=\"og:description\" content=\"Co d\u011blali nacist\u00e9 na Blan\u00edku?Pro\u010d si vybrali Blan\u00edk?Blan\u00edk je u\u017e od d\u00e1vn\u00fdch \u010das\u016f pro v\u0161echny mystick\u00e1 hora, kter\u00e1 skr\u00fdv\u00e1 tajemstv\u00ed\" \/>\n<meta property=\"og:url\" content=\"https:\/\/ritual.cz\/index.php\/2020\/06\/15\/blanik-a-iii-rise\/\" \/>\n<meta property=\"article:published_time\" content=\"2020-06-15T16:18:00+00:00\" \/>\n<meta property=\"article:modified_time\" content=\"2020-06-19T09:11:39+00:00\" \/>\n<meta name=\"author\" content=\"Roman\" \/>\n<meta name=\"twitter:card\" content=\"summary_large_image\" \/>\n<meta name=\"twitter:label1\" content=\"Napsal(a)\" \/>\n\t<meta name=\"twitter:data1\" content=\"Roman\" \/>\n\t<meta name=\"twitter:label2\" content=\"Odhadovan\u00e1 doba \u010dten\u00ed\" \/>\n\t<meta name=\"twitter:data2\" content=\"3 minuty\" \/>\n<script type=\"application\/ld+json\" class=\"yoast-schema-graph\">{\"@context\":\"https:\\\/\\\/schema.org\",\"@graph\":[{\"@type\":\"Article\",\"@id\":\"https:\\\/\\\/ritual.cz\\\/index.php\\\/2020\\\/06\\\/15\\\/blanik-a-iii-rise\\\/#article\",\"isPartOf\":{\"@id\":\"https:\\\/\\\/ritual.cz\\\/index.php\\\/2020\\\/06\\\/15\\\/blanik-a-iii-rise\\\/\"},\"author\":{\"name\":\"Roman\",\"@id\":\"https:\\\/\\\/ritual.cz\\\/#\\\/schema\\\/person\\\/5474411d0e16f484d7888c39b03ad5e4\"},\"headline\":\"Blan\u00edk a III. \u0159\u00ed\u0161e\",\"datePublished\":\"2020-06-15T16:18:00+00:00\",\"dateModified\":\"2020-06-19T09:11:39+00:00\",\"mainEntityOfPage\":{\"@id\":\"https:\\\/\\\/ritual.cz\\\/index.php\\\/2020\\\/06\\\/15\\\/blanik-a-iii-rise\\\/\"},\"wordCount\":569,\"commentCount\":0,\"publisher\":{\"@id\":\"https:\\\/\\\/ritual.cz\\\/#organization\"},\"keywords\":[\"Archiv\"],\"articleSection\":[\"Vzduch\"],\"inLanguage\":\"cs\",\"potentialAction\":[{\"@type\":\"CommentAction\",\"name\":\"Comment\",\"target\":[\"https:\\\/\\\/ritual.cz\\\/index.php\\\/2020\\\/06\\\/15\\\/blanik-a-iii-rise\\\/#respond\"]}]},{\"@type\":\"WebPage\",\"@id\":\"https:\\\/\\\/ritual.cz\\\/index.php\\\/2020\\\/06\\\/15\\\/blanik-a-iii-rise\\\/\",\"url\":\"https:\\\/\\\/ritual.cz\\\/index.php\\\/2020\\\/06\\\/15\\\/blanik-a-iii-rise\\\/\",\"name\":\"Blan\u00edk a III. \u0159\u00ed\u0161e -\",\"isPartOf\":{\"@id\":\"https:\\\/\\\/ritual.cz\\\/#website\"},\"datePublished\":\"2020-06-15T16:18:00+00:00\",\"dateModified\":\"2020-06-19T09:11:39+00:00\",\"breadcrumb\":{\"@id\":\"https:\\\/\\\/ritual.cz\\\/index.php\\\/2020\\\/06\\\/15\\\/blanik-a-iii-rise\\\/#breadcrumb\"},\"inLanguage\":\"cs\",\"potentialAction\":[{\"@type\":\"ReadAction\",\"target\":[\"https:\\\/\\\/ritual.cz\\\/index.php\\\/2020\\\/06\\\/15\\\/blanik-a-iii-rise\\\/\"]}]},{\"@type\":\"BreadcrumbList\",\"@id\":\"https:\\\/\\\/ritual.cz\\\/index.php\\\/2020\\\/06\\\/15\\\/blanik-a-iii-rise\\\/#breadcrumb\",\"itemListElement\":[{\"@type\":\"ListItem\",\"position\":1,\"name\":\"Dom\u016f\",\"item\":\"https:\\\/\\\/ritual.cz\\\/\"},{\"@type\":\"ListItem\",\"position\":2,\"name\":\"Blan\u00edk a III. \u0159\u00ed\u0161e\"}]},{\"@type\":\"WebSite\",\"@id\":\"https:\\\/\\\/ritual.cz\\\/#website\",\"url\":\"https:\\\/\\\/ritual.cz\\\/\",\"name\":\"Ritual\",\"description\":\"Port\u00e1l pro magii, esoteriku, zdrav\u00ed a duchovn\u00ed rozvoj\",\"publisher\":{\"@id\":\"https:\\\/\\\/ritual.cz\\\/#organization\"},\"potentialAction\":[{\"@type\":\"SearchAction\",\"target\":{\"@type\":\"EntryPoint\",\"urlTemplate\":\"https:\\\/\\\/ritual.cz\\\/?s={search_term_string}\"},\"query-input\":{\"@type\":\"PropertyValueSpecification\",\"valueRequired\":true,\"valueName\":\"search_term_string\"}}],\"inLanguage\":\"cs\"},{\"@type\":\"Organization\",\"@id\":\"https:\\\/\\\/ritual.cz\\\/#organization\",\"name\":\"Ritual\",\"url\":\"https:\\\/\\\/ritual.cz\\\/\",\"logo\":{\"@type\":\"ImageObject\",\"inLanguage\":\"cs\",\"@id\":\"https:\\\/\\\/ritual.cz\\\/#\\\/schema\\\/logo\\\/image\\\/\",\"url\":\"https:\\\/\\\/ritual.cz\\\/wp-content\\\/uploads\\\/2020\\\/03\\\/logo_ritual.gif\",\"contentUrl\":\"https:\\\/\\\/ritual.cz\\\/wp-content\\\/uploads\\\/2020\\\/03\\\/logo_ritual.gif\",\"width\":219,\"height\":172,\"caption\":\"Ritual\"},\"image\":{\"@id\":\"https:\\\/\\\/ritual.cz\\\/#\\\/schema\\\/logo\\\/image\\\/\"}},{\"@type\":\"Person\",\"@id\":\"https:\\\/\\\/ritual.cz\\\/#\\\/schema\\\/person\\\/5474411d0e16f484d7888c39b03ad5e4\",\"name\":\"Roman\",\"image\":{\"@type\":\"ImageObject\",\"inLanguage\":\"cs\",\"@id\":\"https:\\\/\\\/secure.gravatar.com\\\/avatar\\\/3514e5770a1ed444c77e2acbea6697d6e31fc75b7810cc07c11824fbf9ba1f00?s=96&d=wavatar&r=g\",\"url\":\"https:\\\/\\\/secure.gravatar.com\\\/avatar\\\/3514e5770a1ed444c77e2acbea6697d6e31fc75b7810cc07c11824fbf9ba1f00?s=96&d=wavatar&r=g\",\"contentUrl\":\"https:\\\/\\\/secure.gravatar.com\\\/avatar\\\/3514e5770a1ed444c77e2acbea6697d6e31fc75b7810cc07c11824fbf9ba1f00?s=96&d=wavatar&r=g\",\"caption\":\"Roman\"},\"url\":\"https:\\\/\\\/ritual.cz\\\/index.php\\\/author\\\/roman\\\/\"}]}<\/script>\n<!-- \/ Yoast SEO plugin. -->","yoast_head_json":{"title":"Blan\u00edk a III. \u0159\u00ed\u0161e -","robots":{"index":"index","follow":"follow","max-snippet":"max-snippet:-1","max-image-preview":"max-image-preview:large","max-video-preview":"max-video-preview:-1"},"canonical":"https:\/\/ritual.cz\/index.php\/2020\/06\/15\/blanik-a-iii-rise\/","og_locale":"cs_CZ","og_type":"article","og_title":"Blan\u00edk a III. \u0159\u00ed\u0161e -","og_description":"Co d\u011blali nacist\u00e9 na Blan\u00edku?Pro\u010d si vybrali Blan\u00edk?Blan\u00edk je u\u017e od d\u00e1vn\u00fdch \u010das\u016f pro v\u0161echny mystick\u00e1 hora, kter\u00e1 skr\u00fdv\u00e1 tajemstv\u00ed","og_url":"https:\/\/ritual.cz\/index.php\/2020\/06\/15\/blanik-a-iii-rise\/","article_published_time":"2020-06-15T16:18:00+00:00","article_modified_time":"2020-06-19T09:11:39+00:00","author":"Roman","twitter_card":"summary_large_image","twitter_misc":{"Napsal(a)":"Roman","Odhadovan\u00e1 doba \u010dten\u00ed":"3 minuty"},"schema":{"@context":"https:\/\/schema.org","@graph":[{"@type":"Article","@id":"https:\/\/ritual.cz\/index.php\/2020\/06\/15\/blanik-a-iii-rise\/#article","isPartOf":{"@id":"https:\/\/ritual.cz\/index.php\/2020\/06\/15\/blanik-a-iii-rise\/"},"author":{"name":"Roman","@id":"https:\/\/ritual.cz\/#\/schema\/person\/5474411d0e16f484d7888c39b03ad5e4"},"headline":"Blan\u00edk a III. \u0159\u00ed\u0161e","datePublished":"2020-06-15T16:18:00+00:00","dateModified":"2020-06-19T09:11:39+00:00","mainEntityOfPage":{"@id":"https:\/\/ritual.cz\/index.php\/2020\/06\/15\/blanik-a-iii-rise\/"},"wordCount":569,"commentCount":0,"publisher":{"@id":"https:\/\/ritual.cz\/#organization"},"keywords":["Archiv"],"articleSection":["Vzduch"],"inLanguage":"cs","potentialAction":[{"@type":"CommentAction","name":"Comment","target":["https:\/\/ritual.cz\/index.php\/2020\/06\/15\/blanik-a-iii-rise\/#respond"]}]},{"@type":"WebPage","@id":"https:\/\/ritual.cz\/index.php\/2020\/06\/15\/blanik-a-iii-rise\/","url":"https:\/\/ritual.cz\/index.php\/2020\/06\/15\/blanik-a-iii-rise\/","name":"Blan\u00edk a III. \u0159\u00ed\u0161e -","isPartOf":{"@id":"https:\/\/ritual.cz\/#website"},"datePublished":"2020-06-15T16:18:00+00:00","dateModified":"2020-06-19T09:11:39+00:00","breadcrumb":{"@id":"https:\/\/ritual.cz\/index.php\/2020\/06\/15\/blanik-a-iii-rise\/#breadcrumb"},"inLanguage":"cs","potentialAction":[{"@type":"ReadAction","target":["https:\/\/ritual.cz\/index.php\/2020\/06\/15\/blanik-a-iii-rise\/"]}]},{"@type":"BreadcrumbList","@id":"https:\/\/ritual.cz\/index.php\/2020\/06\/15\/blanik-a-iii-rise\/#breadcrumb","itemListElement":[{"@type":"ListItem","position":1,"name":"Dom\u016f","item":"https:\/\/ritual.cz\/"},{"@type":"ListItem","position":2,"name":"Blan\u00edk a III. \u0159\u00ed\u0161e"}]},{"@type":"WebSite","@id":"https:\/\/ritual.cz\/#website","url":"https:\/\/ritual.cz\/","name":"Ritual","description":"Port\u00e1l pro magii, esoteriku, zdrav\u00ed a duchovn\u00ed rozvoj","publisher":{"@id":"https:\/\/ritual.cz\/#organization"},"potentialAction":[{"@type":"SearchAction","target":{"@type":"EntryPoint","urlTemplate":"https:\/\/ritual.cz\/?s={search_term_string}"},"query-input":{"@type":"PropertyValueSpecification","valueRequired":true,"valueName":"search_term_string"}}],"inLanguage":"cs"},{"@type":"Organization","@id":"https:\/\/ritual.cz\/#organization","name":"Ritual","url":"https:\/\/ritual.cz\/","logo":{"@type":"ImageObject","inLanguage":"cs","@id":"https:\/\/ritual.cz\/#\/schema\/logo\/image\/","url":"https:\/\/ritual.cz\/wp-content\/uploads\/2020\/03\/logo_ritual.gif","contentUrl":"https:\/\/ritual.cz\/wp-content\/uploads\/2020\/03\/logo_ritual.gif","width":219,"height":172,"caption":"Ritual"},"image":{"@id":"https:\/\/ritual.cz\/#\/schema\/logo\/image\/"}},{"@type":"Person","@id":"https:\/\/ritual.cz\/#\/schema\/person\/5474411d0e16f484d7888c39b03ad5e4","name":"Roman","image":{"@type":"ImageObject","inLanguage":"cs","@id":"https:\/\/secure.gravatar.com\/avatar\/3514e5770a1ed444c77e2acbea6697d6e31fc75b7810cc07c11824fbf9ba1f00?s=96&d=wavatar&r=g","url":"https:\/\/secure.gravatar.com\/avatar\/3514e5770a1ed444c77e2acbea6697d6e31fc75b7810cc07c11824fbf9ba1f00?s=96&d=wavatar&r=g","contentUrl":"https:\/\/secure.gravatar.com\/avatar\/3514e5770a1ed444c77e2acbea6697d6e31fc75b7810cc07c11824fbf9ba1f00?s=96&d=wavatar&r=g","caption":"Roman"},"url":"https:\/\/ritual.cz\/index.php\/author\/roman\/"}]}},"_links":{"self":[{"href":"https:\/\/ritual.cz\/index.php\/wp-json\/wp\/v2\/posts\/300","targetHints":{"allow":["GET"]}}],"collection":[{"href":"https:\/\/ritual.cz\/index.php\/wp-json\/wp\/v2\/posts"}],"about":[{"href":"https:\/\/ritual.cz\/index.php\/wp-json\/wp\/v2\/types\/post"}],"author":[{"embeddable":true,"href":"https:\/\/ritual.cz\/index.php\/wp-json\/wp\/v2\/users\/1"}],"replies":[{"embeddable":true,"href":"https:\/\/ritual.cz\/index.php\/wp-json\/wp\/v2\/comments?post=300"}],"version-history":[{"count":0,"href":"https:\/\/ritual.cz\/index.php\/wp-json\/wp\/v2\/posts\/300\/revisions"}],"wp:attachment":[{"href":"https:\/\/ritual.cz\/index.php\/wp-json\/wp\/v2\/media?parent=300"}],"wp:term":[{"taxonomy":"category","embeddable":true,"href":"https:\/\/ritual.cz\/index.php\/wp-json\/wp\/v2\/categories?post=300"},{"taxonomy":"post_tag","embeddable":true,"href":"https:\/\/ritual.cz\/index.php\/wp-json\/wp\/v2\/tags?post=300"}],"curies":[{"name":"wp","href":"https:\/\/api.w.org\/{rel}","templated":true}]}}