{"id":302,"date":"2020-06-22T18:23:00","date_gmt":"2020-06-22T16:23:00","guid":{"rendered":"https:\/\/ritual.cz\/?p=302"},"modified":"2020-04-18T22:42:08","modified_gmt":"2020-04-18T20:42:08","slug":"blanik-a-keltove","status":"publish","type":"post","link":"https:\/\/ritual.cz\/index.php\/2020\/06\/22\/blanik-a-keltove\/","title":{"rendered":"Blan\u00edk a Keltov\u00e9"},"content":{"rendered":"\n<p>Blan\u00edk pat\u0159\u00ed mezi nejv\u00fdznamn\u011bj\u0161\u00ed hory v na\u0161\u00ed republice. V\u00e1\u017ee se k n\u011bmu nes\u010detn\u011b velk\u00e1 historie.<br>V roce 400 p\u0159.n.l. byl Blan\u00edk prvn\u011b os\u00eddlen hal\u0161tatskou kulturou a po roce 550 p\u0159.n.l. p\u0159i\u0161li na Blan\u00edk n\u00e1m dob\u0159e zn\u00e1m\u00ed Keltov\u00e9, kte\u0159\u00ed se zde usadili.<br><\/p>\n\n\n\n<h2 class=\"wp-block-heading\"><br>Keltov\u00e9 a jejich civilizace<\/h2>\n\n\n\n<p><br>Keltov\u00e9 jsou l\u00ed\u010den\u00ed jako vysoc\u00ed, kr\u00e1sn\u00ed lid\u00e9 b\u00edl\u00e9 pleti s modr\u00fdma o\u010dima a ry\u0161av\u00fdmi vlasy. P\u0159i pohledu na n\u011b se pr\u00fd \u010dlov\u011bka zmocnila hr\u016fza. Mnoz\u00ed z nich nosili mohutn\u00e9 kn\u00edry, zakr\u00fdvaj\u00edc\u00ed cel\u00e1 \u00fasta. Oble\u010deni byli do pestrobarevn\u00fdch halen s v\u00fd\u0161ivkami. Nosili kalhoty, jim\u017e \u0159\u00edkali &#8222;braces&#8220; a barevn\u00e9 pl\u00e1\u0161t\u011b.<\/p>\n\n\n\n<p><br>Do bitev si brali d\u011bsiv\u00e9 zbran\u011b a v\u00e1l\u010dili, jako by se vskutku op\u00e1jeli krv\u00ed. N\u011bkdy ze sebe v z\u00e1chvatu zu\u0159ivosti strhali \u0161aty a sm\u011ble se bili naz\u00ed, jako by ze\u0161\u00edleli (toto chov\u00e1n\u00ed m\u011blo racion\u00e1ln\u00ed j\u00e1dro. Zran\u011bn\u00ed nah\u00fdch bojovn\u00edk\u016f se l\u00e9pe hojila, do r\u00e1ny se nedostaly drobn\u00e9 kousky tkaniny, k\u016f\u017ee apod., kter\u00e9 jsou nositeli nejr\u016fzn\u011bj\u0161\u00edch choroboplodn\u00fdch z\u00e1rodk\u016f).Nep\u0159\u00e1tel\u016fm u\u0159ez\u00e1vali hlavy, zav\u011b\u0161ovali si je na opasky nebo je p\u0159ib\u00edjeli na sv\u00e1 obydl\u00ed. M\u011bli skv\u011bl\u00e9 strategick\u00e9 nad\u00e1n\u00ed a r\u00e1di \u00fato\u010dili p\u0159ekvapiv\u011b, nejl\u00e9pe ze z\u00e1lohy.<br>Vedli prost\u00fd \u017eivot, spali na sl\u00e1m\u011b, jedli p\u0159ev\u00e1\u017en\u011b maso (divo\u010d\u00e1ky) a beze studu se odd\u00e1vali homosexualit\u011b. Vlastnili dobytek a zlato, proto\u017ee s oboj\u00edm se dalo rychle a snadno p\u0159esunout.<\/p>\n\n\n\n<p><br>Milovali lehkov\u00e1\u017en\u00fd \u017eivot, velice r\u00e1di holdovali v\u00ednu, kter\u00e9 \u010dastok vyva\u017eovali zlatem. Byl jim vlastn\u00ed (na rozd\u00edl od jin\u00fdch) v\u00fdrazn\u00fd smysl pro pr\u00e1vo a diplomacii. Tak\u00e9 byli vzn\u011btliv\u00ed, ba\u017eili po dobrodru\u017estv\u00ed a nedovedli se ovl\u00e1dat.<\/p>\n\n\n\n<p><br>Za dob, kdy za\u010dala vl\u00e1dnout svat\u00e1 inkvizice a Caesar porazil Kelty, Druidov\u00e9 byli pokl\u00e1d\u00e1ni za zlo\u010dince. Ten, kdo je ukr\u00fdval, p\u0159i\u0161el o \u017eivot s celou rodinou. A jak\u00fdkoli Kelt, kter\u00fd p\u016fsobil jako l\u00e9ka\u0159, u\u010ditel, soudce \u010di vyprav\u011b\u010d poh\u00e1dek, byl &#8211; i kdy\u017e nebyl Druid &#8211; pron\u00e1sledov\u00e1n jako nep\u0159\u00edtel st\u00e1tu.<br>Tehdy mnoho Kelt\u016f uprchlo do Irska, kam se \u0158\u00edman\u00e9 nikdy nedostali, nebo do \u010cech, kde v\u0161ak u\u017e vl\u00e1dl markomansk\u00fd Maibod. Ten Kelty p\u0159ijal, ale museli se spokojit s m\u00e9n\u011b \u00farodnou p\u016fdou. V\u0161ichni Keltov\u00e9, kte\u0159\u00ed p\u0159i\u0161li do \u010cech, padli ve st\u0159edov\u011bku, v dob\u011b upev\u0148ov\u00e1n\u00ed k\u0159es\u0165anstv\u00ed, za ob\u011b\u0165 hon\u016fm na \u010darod\u011bjnice.<\/p>\n\n\n\n<h2 class=\"wp-block-heading\">Druidov\u00e9<\/h2>\n\n\n\n<p>Padlo-li tu u\u017e slovo Druidov\u00e9, pov\u011bzme si o nich v\u00edce. Druid byl vlastn\u011b n\u011bkdo, kdo mnoho v\u00ed. V Keltech slovo Druid (galsky &#8211; dervo) vzbuzovalo pocit vd\u011b\u010dnosti, obdivu a \u00facty.<br>St\u00e1t se Druidem p\u0159edpokl\u00e1dalo asi dvacetilet\u00e9 studium. U\u010den\u00ed nazpam\u011b\u0165 pr\u00fd prob\u00edhalo v naprost\u00e9 tm\u011b, aby se dos\u00e1hlo v\u011bt\u0161\u00ed koncentrace a soust\u0159ed\u011bn\u00ed.<br>Druidov\u00e9 zt\u011bles\u0148ovali ve sv\u00e9 osob\u011b \u0161amana, kn\u011bze, psychologa, filozofa, u\u010ditele, soudce a l\u00e9ka\u0159e. V Keltsk\u00e9 spole\u010dnosti zauj\u00edmali nejvy\u0161\u0161\u00ed postaven\u00ed a na ka\u017ed\u00e9m shrom\u00e1\u017ed\u011bn\u00ed promlouvali jako prvn\u00ed.<\/p>\n\n\n\n<p> Martin JANDA <\/p>\n\n\n<div class=\"kk-star-ratings kksr-auto kksr-align-center kksr-valign-bottom\"\n    data-payload='{&quot;align&quot;:&quot;center&quot;,&quot;id&quot;:&quot;302&quot;,&quot;slug&quot;:&quot;default&quot;,&quot;valign&quot;:&quot;bottom&quot;,&quot;ignore&quot;:&quot;&quot;,&quot;reference&quot;:&quot;auto&quot;,&quot;class&quot;:&quot;&quot;,&quot;count&quot;:&quot;2&quot;,&quot;legendonly&quot;:&quot;&quot;,&quot;readonly&quot;:&quot;&quot;,&quot;score&quot;:&quot;2&quot;,&quot;starsonly&quot;:&quot;&quot;,&quot;best&quot;:&quot;5&quot;,&quot;gap&quot;:&quot;4&quot;,&quot;greet&quot;:&quot;Ohodno\u0165&quot;,&quot;legend&quot;:&quot;2\\\/5 - (2 votes)&quot;,&quot;size&quot;:&quot;24&quot;,&quot;title&quot;:&quot;Blan\u00edk a Keltov\u00e9&quot;,&quot;width&quot;:&quot;54&quot;,&quot;_legend&quot;:&quot;{score}\\\/{best} - ({count} {votes})&quot;,&quot;font_factor&quot;:&quot;1.25&quot;}'>\n            \n<div class=\"kksr-stars\">\n    \n<div class=\"kksr-stars-inactive\">\n            <div class=\"kksr-star\" data-star=\"1\" style=\"padding-right: 4px\">\n            \n\n<div class=\"kksr-icon\" style=\"width: 24px; height: 24px;\"><\/div>\n        <\/div>\n            <div class=\"kksr-star\" data-star=\"2\" style=\"padding-right: 4px\">\n            \n\n<div class=\"kksr-icon\" style=\"width: 24px; height: 24px;\"><\/div>\n        <\/div>\n            <div class=\"kksr-star\" data-star=\"3\" style=\"padding-right: 4px\">\n            \n\n<div class=\"kksr-icon\" style=\"width: 24px; height: 24px;\"><\/div>\n        <\/div>\n            <div class=\"kksr-star\" data-star=\"4\" style=\"padding-right: 4px\">\n            \n\n<div class=\"kksr-icon\" style=\"width: 24px; height: 24px;\"><\/div>\n        <\/div>\n            <div class=\"kksr-star\" data-star=\"5\" style=\"padding-right: 4px\">\n            \n\n<div class=\"kksr-icon\" style=\"width: 24px; height: 24px;\"><\/div>\n        <\/div>\n    <\/div>\n    \n<div class=\"kksr-stars-active\" style=\"width: 54px;\">\n            <div class=\"kksr-star\" style=\"padding-right: 4px\">\n            \n\n<div class=\"kksr-icon\" style=\"width: 24px; height: 24px;\"><\/div>\n        <\/div>\n            <div class=\"kksr-star\" style=\"padding-right: 4px\">\n            \n\n<div class=\"kksr-icon\" style=\"width: 24px; height: 24px;\"><\/div>\n        <\/div>\n            <div class=\"kksr-star\" style=\"padding-right: 4px\">\n            \n\n<div class=\"kksr-icon\" style=\"width: 24px; height: 24px;\"><\/div>\n        <\/div>\n            <div class=\"kksr-star\" style=\"padding-right: 4px\">\n            \n\n<div class=\"kksr-icon\" style=\"width: 24px; height: 24px;\"><\/div>\n        <\/div>\n            <div class=\"kksr-star\" style=\"padding-right: 4px\">\n            \n\n<div class=\"kksr-icon\" style=\"width: 24px; height: 24px;\"><\/div>\n        <\/div>\n    <\/div>\n<\/div>\n                \n\n<div class=\"kksr-legend\" style=\"font-size: 19.2px;\">\n            2\/5 - (2 votes)    <\/div>\n    <\/div>\n<p>Views: 31<\/p>","protected":false},"excerpt":{"rendered":"<p>Blan\u00edk pat\u0159\u00ed mezi nejv\u00fdznamn\u011bj\u0161\u00ed hory v na\u0161\u00ed republice. V\u00e1\u017ee se k n\u011bmu nes\u010detn\u011b velk\u00e1 historie.V roce 400 p\u0159.n.l. byl Blan\u00edk<\/p>\n","protected":false},"author":1,"featured_media":0,"comment_status":"open","ping_status":"open","sticky":false,"template":"","format":"standard","meta":{"colormag_page_container_layout":"default_layout","colormag_page_sidebar_layout":"default_layout","footnotes":""},"categories":[5],"tags":[15],"class_list":["post-302","post","type-post","status-publish","format-standard","hentry","category-vzduch","tag-archiv"],"yoast_head":"<!-- This site is optimized with the Yoast SEO plugin v27.4 - https:\/\/yoast.com\/product\/yoast-seo-wordpress\/ -->\n<title>Blan\u00edk a Keltov\u00e9 -<\/title>\n<meta name=\"robots\" content=\"index, follow, max-snippet:-1, max-image-preview:large, max-video-preview:-1\" \/>\n<link rel=\"canonical\" href=\"https:\/\/ritual.cz\/index.php\/2020\/06\/22\/blanik-a-keltove\/\" \/>\n<meta property=\"og:locale\" content=\"cs_CZ\" \/>\n<meta property=\"og:type\" content=\"article\" \/>\n<meta property=\"og:title\" content=\"Blan\u00edk a Keltov\u00e9 -\" \/>\n<meta property=\"og:description\" content=\"Blan\u00edk pat\u0159\u00ed mezi nejv\u00fdznamn\u011bj\u0161\u00ed hory v na\u0161\u00ed republice. V\u00e1\u017ee se k n\u011bmu nes\u010detn\u011b velk\u00e1 historie.V roce 400 p\u0159.n.l. byl Blan\u00edk\" \/>\n<meta property=\"og:url\" content=\"https:\/\/ritual.cz\/index.php\/2020\/06\/22\/blanik-a-keltove\/\" \/>\n<meta property=\"article:published_time\" content=\"2020-06-22T16:23:00+00:00\" \/>\n<meta name=\"author\" content=\"Roman\" \/>\n<meta name=\"twitter:card\" content=\"summary_large_image\" \/>\n<meta name=\"twitter:label1\" content=\"Napsal(a)\" \/>\n\t<meta name=\"twitter:data1\" content=\"Roman\" \/>\n\t<meta name=\"twitter:label2\" content=\"Odhadovan\u00e1 doba \u010dten\u00ed\" \/>\n\t<meta name=\"twitter:data2\" content=\"3 minuty\" \/>\n<script type=\"application\/ld+json\" class=\"yoast-schema-graph\">{\"@context\":\"https:\\\/\\\/schema.org\",\"@graph\":[{\"@type\":\"Article\",\"@id\":\"https:\\\/\\\/ritual.cz\\\/index.php\\\/2020\\\/06\\\/22\\\/blanik-a-keltove\\\/#article\",\"isPartOf\":{\"@id\":\"https:\\\/\\\/ritual.cz\\\/index.php\\\/2020\\\/06\\\/22\\\/blanik-a-keltove\\\/\"},\"author\":{\"name\":\"Roman\",\"@id\":\"https:\\\/\\\/ritual.cz\\\/#\\\/schema\\\/person\\\/5474411d0e16f484d7888c39b03ad5e4\"},\"headline\":\"Blan\u00edk a Keltov\u00e9\",\"datePublished\":\"2020-06-22T16:23:00+00:00\",\"mainEntityOfPage\":{\"@id\":\"https:\\\/\\\/ritual.cz\\\/index.php\\\/2020\\\/06\\\/22\\\/blanik-a-keltove\\\/\"},\"wordCount\":570,\"commentCount\":0,\"publisher\":{\"@id\":\"https:\\\/\\\/ritual.cz\\\/#organization\"},\"keywords\":[\"Archiv\"],\"articleSection\":[\"Vzduch\"],\"inLanguage\":\"cs\",\"potentialAction\":[{\"@type\":\"CommentAction\",\"name\":\"Comment\",\"target\":[\"https:\\\/\\\/ritual.cz\\\/index.php\\\/2020\\\/06\\\/22\\\/blanik-a-keltove\\\/#respond\"]}]},{\"@type\":\"WebPage\",\"@id\":\"https:\\\/\\\/ritual.cz\\\/index.php\\\/2020\\\/06\\\/22\\\/blanik-a-keltove\\\/\",\"url\":\"https:\\\/\\\/ritual.cz\\\/index.php\\\/2020\\\/06\\\/22\\\/blanik-a-keltove\\\/\",\"name\":\"Blan\u00edk a Keltov\u00e9 -\",\"isPartOf\":{\"@id\":\"https:\\\/\\\/ritual.cz\\\/#website\"},\"datePublished\":\"2020-06-22T16:23:00+00:00\",\"breadcrumb\":{\"@id\":\"https:\\\/\\\/ritual.cz\\\/index.php\\\/2020\\\/06\\\/22\\\/blanik-a-keltove\\\/#breadcrumb\"},\"inLanguage\":\"cs\",\"potentialAction\":[{\"@type\":\"ReadAction\",\"target\":[\"https:\\\/\\\/ritual.cz\\\/index.php\\\/2020\\\/06\\\/22\\\/blanik-a-keltove\\\/\"]}]},{\"@type\":\"BreadcrumbList\",\"@id\":\"https:\\\/\\\/ritual.cz\\\/index.php\\\/2020\\\/06\\\/22\\\/blanik-a-keltove\\\/#breadcrumb\",\"itemListElement\":[{\"@type\":\"ListItem\",\"position\":1,\"name\":\"Dom\u016f\",\"item\":\"https:\\\/\\\/ritual.cz\\\/\"},{\"@type\":\"ListItem\",\"position\":2,\"name\":\"Blan\u00edk a Keltov\u00e9\"}]},{\"@type\":\"WebSite\",\"@id\":\"https:\\\/\\\/ritual.cz\\\/#website\",\"url\":\"https:\\\/\\\/ritual.cz\\\/\",\"name\":\"Ritual\",\"description\":\"Port\u00e1l pro magii, esoteriku, zdrav\u00ed a duchovn\u00ed rozvoj\",\"publisher\":{\"@id\":\"https:\\\/\\\/ritual.cz\\\/#organization\"},\"potentialAction\":[{\"@type\":\"SearchAction\",\"target\":{\"@type\":\"EntryPoint\",\"urlTemplate\":\"https:\\\/\\\/ritual.cz\\\/?s={search_term_string}\"},\"query-input\":{\"@type\":\"PropertyValueSpecification\",\"valueRequired\":true,\"valueName\":\"search_term_string\"}}],\"inLanguage\":\"cs\"},{\"@type\":\"Organization\",\"@id\":\"https:\\\/\\\/ritual.cz\\\/#organization\",\"name\":\"Ritual\",\"url\":\"https:\\\/\\\/ritual.cz\\\/\",\"logo\":{\"@type\":\"ImageObject\",\"inLanguage\":\"cs\",\"@id\":\"https:\\\/\\\/ritual.cz\\\/#\\\/schema\\\/logo\\\/image\\\/\",\"url\":\"https:\\\/\\\/ritual.cz\\\/wp-content\\\/uploads\\\/2020\\\/03\\\/logo_ritual.gif\",\"contentUrl\":\"https:\\\/\\\/ritual.cz\\\/wp-content\\\/uploads\\\/2020\\\/03\\\/logo_ritual.gif\",\"width\":219,\"height\":172,\"caption\":\"Ritual\"},\"image\":{\"@id\":\"https:\\\/\\\/ritual.cz\\\/#\\\/schema\\\/logo\\\/image\\\/\"}},{\"@type\":\"Person\",\"@id\":\"https:\\\/\\\/ritual.cz\\\/#\\\/schema\\\/person\\\/5474411d0e16f484d7888c39b03ad5e4\",\"name\":\"Roman\",\"image\":{\"@type\":\"ImageObject\",\"inLanguage\":\"cs\",\"@id\":\"https:\\\/\\\/secure.gravatar.com\\\/avatar\\\/3514e5770a1ed444c77e2acbea6697d6e31fc75b7810cc07c11824fbf9ba1f00?s=96&d=wavatar&r=g\",\"url\":\"https:\\\/\\\/secure.gravatar.com\\\/avatar\\\/3514e5770a1ed444c77e2acbea6697d6e31fc75b7810cc07c11824fbf9ba1f00?s=96&d=wavatar&r=g\",\"contentUrl\":\"https:\\\/\\\/secure.gravatar.com\\\/avatar\\\/3514e5770a1ed444c77e2acbea6697d6e31fc75b7810cc07c11824fbf9ba1f00?s=96&d=wavatar&r=g\",\"caption\":\"Roman\"},\"url\":\"https:\\\/\\\/ritual.cz\\\/index.php\\\/author\\\/roman\\\/\"}]}<\/script>\n<!-- \/ Yoast SEO plugin. -->","yoast_head_json":{"title":"Blan\u00edk a Keltov\u00e9 -","robots":{"index":"index","follow":"follow","max-snippet":"max-snippet:-1","max-image-preview":"max-image-preview:large","max-video-preview":"max-video-preview:-1"},"canonical":"https:\/\/ritual.cz\/index.php\/2020\/06\/22\/blanik-a-keltove\/","og_locale":"cs_CZ","og_type":"article","og_title":"Blan\u00edk a Keltov\u00e9 -","og_description":"Blan\u00edk pat\u0159\u00ed mezi nejv\u00fdznamn\u011bj\u0161\u00ed hory v na\u0161\u00ed republice. V\u00e1\u017ee se k n\u011bmu nes\u010detn\u011b velk\u00e1 historie.V roce 400 p\u0159.n.l. byl Blan\u00edk","og_url":"https:\/\/ritual.cz\/index.php\/2020\/06\/22\/blanik-a-keltove\/","article_published_time":"2020-06-22T16:23:00+00:00","author":"Roman","twitter_card":"summary_large_image","twitter_misc":{"Napsal(a)":"Roman","Odhadovan\u00e1 doba \u010dten\u00ed":"3 minuty"},"schema":{"@context":"https:\/\/schema.org","@graph":[{"@type":"Article","@id":"https:\/\/ritual.cz\/index.php\/2020\/06\/22\/blanik-a-keltove\/#article","isPartOf":{"@id":"https:\/\/ritual.cz\/index.php\/2020\/06\/22\/blanik-a-keltove\/"},"author":{"name":"Roman","@id":"https:\/\/ritual.cz\/#\/schema\/person\/5474411d0e16f484d7888c39b03ad5e4"},"headline":"Blan\u00edk a Keltov\u00e9","datePublished":"2020-06-22T16:23:00+00:00","mainEntityOfPage":{"@id":"https:\/\/ritual.cz\/index.php\/2020\/06\/22\/blanik-a-keltove\/"},"wordCount":570,"commentCount":0,"publisher":{"@id":"https:\/\/ritual.cz\/#organization"},"keywords":["Archiv"],"articleSection":["Vzduch"],"inLanguage":"cs","potentialAction":[{"@type":"CommentAction","name":"Comment","target":["https:\/\/ritual.cz\/index.php\/2020\/06\/22\/blanik-a-keltove\/#respond"]}]},{"@type":"WebPage","@id":"https:\/\/ritual.cz\/index.php\/2020\/06\/22\/blanik-a-keltove\/","url":"https:\/\/ritual.cz\/index.php\/2020\/06\/22\/blanik-a-keltove\/","name":"Blan\u00edk a Keltov\u00e9 -","isPartOf":{"@id":"https:\/\/ritual.cz\/#website"},"datePublished":"2020-06-22T16:23:00+00:00","breadcrumb":{"@id":"https:\/\/ritual.cz\/index.php\/2020\/06\/22\/blanik-a-keltove\/#breadcrumb"},"inLanguage":"cs","potentialAction":[{"@type":"ReadAction","target":["https:\/\/ritual.cz\/index.php\/2020\/06\/22\/blanik-a-keltove\/"]}]},{"@type":"BreadcrumbList","@id":"https:\/\/ritual.cz\/index.php\/2020\/06\/22\/blanik-a-keltove\/#breadcrumb","itemListElement":[{"@type":"ListItem","position":1,"name":"Dom\u016f","item":"https:\/\/ritual.cz\/"},{"@type":"ListItem","position":2,"name":"Blan\u00edk a Keltov\u00e9"}]},{"@type":"WebSite","@id":"https:\/\/ritual.cz\/#website","url":"https:\/\/ritual.cz\/","name":"Ritual","description":"Port\u00e1l pro magii, esoteriku, zdrav\u00ed a duchovn\u00ed rozvoj","publisher":{"@id":"https:\/\/ritual.cz\/#organization"},"potentialAction":[{"@type":"SearchAction","target":{"@type":"EntryPoint","urlTemplate":"https:\/\/ritual.cz\/?s={search_term_string}"},"query-input":{"@type":"PropertyValueSpecification","valueRequired":true,"valueName":"search_term_string"}}],"inLanguage":"cs"},{"@type":"Organization","@id":"https:\/\/ritual.cz\/#organization","name":"Ritual","url":"https:\/\/ritual.cz\/","logo":{"@type":"ImageObject","inLanguage":"cs","@id":"https:\/\/ritual.cz\/#\/schema\/logo\/image\/","url":"https:\/\/ritual.cz\/wp-content\/uploads\/2020\/03\/logo_ritual.gif","contentUrl":"https:\/\/ritual.cz\/wp-content\/uploads\/2020\/03\/logo_ritual.gif","width":219,"height":172,"caption":"Ritual"},"image":{"@id":"https:\/\/ritual.cz\/#\/schema\/logo\/image\/"}},{"@type":"Person","@id":"https:\/\/ritual.cz\/#\/schema\/person\/5474411d0e16f484d7888c39b03ad5e4","name":"Roman","image":{"@type":"ImageObject","inLanguage":"cs","@id":"https:\/\/secure.gravatar.com\/avatar\/3514e5770a1ed444c77e2acbea6697d6e31fc75b7810cc07c11824fbf9ba1f00?s=96&d=wavatar&r=g","url":"https:\/\/secure.gravatar.com\/avatar\/3514e5770a1ed444c77e2acbea6697d6e31fc75b7810cc07c11824fbf9ba1f00?s=96&d=wavatar&r=g","contentUrl":"https:\/\/secure.gravatar.com\/avatar\/3514e5770a1ed444c77e2acbea6697d6e31fc75b7810cc07c11824fbf9ba1f00?s=96&d=wavatar&r=g","caption":"Roman"},"url":"https:\/\/ritual.cz\/index.php\/author\/roman\/"}]}},"_links":{"self":[{"href":"https:\/\/ritual.cz\/index.php\/wp-json\/wp\/v2\/posts\/302","targetHints":{"allow":["GET"]}}],"collection":[{"href":"https:\/\/ritual.cz\/index.php\/wp-json\/wp\/v2\/posts"}],"about":[{"href":"https:\/\/ritual.cz\/index.php\/wp-json\/wp\/v2\/types\/post"}],"author":[{"embeddable":true,"href":"https:\/\/ritual.cz\/index.php\/wp-json\/wp\/v2\/users\/1"}],"replies":[{"embeddable":true,"href":"https:\/\/ritual.cz\/index.php\/wp-json\/wp\/v2\/comments?post=302"}],"version-history":[{"count":0,"href":"https:\/\/ritual.cz\/index.php\/wp-json\/wp\/v2\/posts\/302\/revisions"}],"wp:attachment":[{"href":"https:\/\/ritual.cz\/index.php\/wp-json\/wp\/v2\/media?parent=302"}],"wp:term":[{"taxonomy":"category","embeddable":true,"href":"https:\/\/ritual.cz\/index.php\/wp-json\/wp\/v2\/categories?post=302"},{"taxonomy":"post_tag","embeddable":true,"href":"https:\/\/ritual.cz\/index.php\/wp-json\/wp\/v2\/tags?post=302"}],"curies":[{"name":"wp","href":"https:\/\/api.w.org\/{rel}","templated":true}]}}