{"id":327,"date":"2020-07-02T20:29:00","date_gmt":"2020-07-02T18:29:00","guid":{"rendered":"https:\/\/ritual.cz\/?p=327"},"modified":"2020-07-05T13:43:56","modified_gmt":"2020-07-05T11:43:56","slug":"o-upirech-dneska","status":"publish","type":"post","link":"https:\/\/ritual.cz\/index.php\/2020\/07\/02\/o-upirech-dneska\/","title":{"rendered":"O up\u00edrech dne\u0161ka"},"content":{"rendered":"\n<p>T\u00e9ma up\u00edr\u016f se d\u00e1 i dnes, mo\u017en\u00e1 daleko v\u00edc ne\u017e kdy d\u0159\u00edv, pokl\u00e1dat za aktu\u00e1ln\u00ed. Mnoz\u00ed ch\u00e1pou d\u016fle\u017eitost tohoto t\u00e9matu. Jin\u00ed mohou naopak vn\u00edmat up\u00edrstv\u00ed pov\u011bre\u010dn\u011b, proto\u017ee up\u00edrstv\u00ed samo bylo pou\u017eito a vybydleno p\u0159edev\u0161\u00edm americkou kinematografi\u00ed, jako koneckonc\u016f mnoh\u00e1 jin\u00e1 t\u00e9mata. (M\u00e1-li kdo ze \u010dten\u00e1\u0159\u016f dojem, \u017ee americkou kinematografii han\u00edm p\u0159i ka\u017ed\u00e9 p\u0159\u00edle\u017eitosti, pak nech\u0165 v\u00ed, \u017ee to \u010din\u00edm \u00famysln\u011b. Americk\u00e1 kinematografie je skute\u010dn\u00e9 zlo. Je to ov\u0161em zlo hloup\u00e9 jako st\u0159edov\u011bk\u00fd \u010dert v pod\u00e1n\u00ed katolick\u00e9ho nad\u0161ence a proto je lze velmi snadno vyu\u017e\u00edt ve vlastn\u00ed prosp\u011bch).<\/p>\n\n\n\n<p>V\u00e1\u017enost fenom\u00e9nu mi d\u00e1le nijak nebude br\u00e1nit v tom, abych jej nepojednala jako \u0161kolu hrou, nebo\u0165 tak si sn\u00e1ze uv\u011bdom\u00edme, o\u010d tu vlastn\u011b b\u011b\u017e\u00ed a s jak obrovsk\u00fdm nebezpe\u010d\u00edm se denn\u011b setk\u00e1v\u00e1me, \u010dasto neschopni jej rozeznat.<\/p>\n\n\n\n<p>N\u00e1sleduj\u00edc\u00ed stru\u010dn\u00e9 shrnut\u00ed si v\u0161ak neklade za \u00fakol v\u0161eobecn\u00e9 pojedn\u00e1n\u00ed t\u00e9matu. N\u011bkter\u00e9 projevy up\u00edrstv\u00ed jsem pojednala jen n\u00e1znakem (up\u00edr v\u00e1zan\u00fd na m\u00edsto skrze up\u00edra lidsk\u00e9ho, zas\u00edl\u00e1n\u00ed zpr\u00e1v SMS jako okrajov\u00fd jev up\u00edrstv\u00ed), jin\u00e9 jsem vynechala zcela, nap\u0159. nep\u0159\u00edm\u00e9 up\u00edrstv\u00ed nebo velmi d\u016fle\u017eitou skute\u010dnost, \u017ee k jevu sss\u00e1n\u00ed energie nedoch\u00e1z\u00ed jen snahou up\u00edra, ale i nepou\u010denost\u00ed a donebevolaj\u00edc\u00ed naivitou ob\u011bti.<br>Vyhladovte up\u00edry!<\/p>\n\n\n\n<p style=\"background-color:#1c3540\" class=\"has-text-color has-background has-cyan-bluish-gray-color\"><strong>O up\u00edrech<\/strong><br><br>Dej si pozor na up\u00edra<br>kter\u00fd tvoje srdce sv\u00edr\u00e1.<br>A\u0165 ve m\u011bst\u011b nebo v lese<br>up\u00edr k tob\u011b p\u0159ivine se.<br><br>Lidsk\u00fd up\u00edr &#8211; divn\u00e1 zr\u016fda &#8211;<br>v\u017edy jsi pro n\u011bj \u017eivn\u00e1 p\u016fda.<br>V ciz\u00edm m\u011bst\u011b z\u016fstat tou\u017e\u00ed\u0161?<br>Jen up\u00edru m\u00edsta slou\u017e\u00ed\u0161.<br><br><strong>Vt\u00edravost je jeho s\u00edla, p\u0159\u00edtulnost je jeho zbroj.<br>Dotykem se maskuje<br>Objet\u00edm t\u011b oslab\u00ed<br>Polibkem t\u011b vysssaje?..<\/strong><br><br>Up\u00edry, ty pozn\u00e1\u0161 lehce,<br>k pa\u017e\u00edm, krku lnou se m\u011bkce.<br>Pak ssaj\u00ed z tebe ti\u0161e tvoji s\u00edlu<br>daj\u00ed-li ti v tv\u00e9 vlastn\u00ed l\u017ei v\u00edru.<br><br>Sladk\u00fdch slov \u010di slib\u016f se pranic ne\u0161t\u00edt\u00ed<br>kdy\u017e t\u011b snovou bezbrann\u00e9ho do s\u00edt\u00ed.<br>Pochop\u00ed t\u011b, miluj\u00ed t\u011b, rozum\u00ed ti?<br>Ano, to jsou mal\u00e1 o\u010dka jejich s\u00edt\u00ed!<br><br><strong>Vt\u00edravost je jejich s\u00edla, p\u0159\u00edtulnost je jejich zbroj.<br>Dotykem se maskuj\u00ed <br>Objet\u00edm t\u011b oslab\u00ed<br>Polibkem t\u011b vysssaj\u00ed?..<\/strong><br><br>Up\u00edr mu\u017e \u010di up\u00edr \u017eena<br>tv\u00e1 s\u00edla bude rozm\u011bln\u011bna.<br>Dnes jednu \u010d\u00e1st, a z\u00edtra druhou \u017eere<br>tvoje schopnosti a sebev\u011bdom\u00ed si bere.<br><br>Up\u00edr bez ob\u011bt\u00ed nic nem\u00e1 a je slab\u00fd,<br>proto se ss\u00e1n\u00edm p\u0159\u00e1tel tak r\u00e1d bav\u00ed.<br>Jen si v\u0161imni: Lituje se, p\u0159ehr\u00e1v\u00e1,<br>jenom bere &#8211; ned\u00e1v\u00e1.<br><br><strong>Vt\u00edravost je jeho s\u00edla, p\u0159\u00edtulnost je jeho zbroj.<br>Dotykem se maskuje <br>Objet\u00edm t\u011b oslab\u00ed<br>Polibkem t\u011b vysssaje?..<\/strong><br><br>Ten kdo t\u00edhne k obj\u00edm\u00e1n\u00ed, muck\u00e1n\u00ed a dot\u00fdk\u00e1n\u00ed<br>\u010dasto jenom l\u00e1sku sh\u00e1n\u00ed<br>ani\u017e by ji um\u011bl d\u00e1t<br>na pravdu si chce s tebou hr\u00e1t ? chach\u00e1\u2026..<br><br><em>(tv\u00e1 povolnost mu radost d\u00e1v\u00e1,<br>tv\u00e1 d\u016fv\u011b\u0159ivost rozesm\u00e1v\u00e1)<\/em><br><br>by pos\u00edlil sv\u00e9 \u00fatroby<br>Jen odm\u00edtni! A uvid\u00ed\u0161, jak se rozzlob\u00ed!<br><br>Proto\u017ee? <strong>Vt\u00edravost je jeho s\u00edla, p\u0159\u00edtulnost je jeho zbroj.<br>Dotykem se maskuje <br>Objet\u00edm t\u011b oslab\u00ed<br>Polibkem t\u011b vysssaje?..<\/strong><\/p>\n\n\n\n<p><em>Brno, 4.7. 2001 a Nov\u00fd Jimramov 15.7. 2001<\/em><\/p>\n\n\n\n<p>Zuzana Antares<\/p>\n\n\n\n<hr class=\"wp-block-separator\"\/>\n\n\n\n\n\n<div class=\"kk-star-ratings kksr-auto kksr-align-center kksr-valign-bottom\"\n    data-payload='{&quot;align&quot;:&quot;center&quot;,&quot;id&quot;:&quot;327&quot;,&quot;slug&quot;:&quot;default&quot;,&quot;valign&quot;:&quot;bottom&quot;,&quot;ignore&quot;:&quot;&quot;,&quot;reference&quot;:&quot;auto&quot;,&quot;class&quot;:&quot;&quot;,&quot;count&quot;:&quot;4&quot;,&quot;legendonly&quot;:&quot;&quot;,&quot;readonly&quot;:&quot;&quot;,&quot;score&quot;:&quot;5&quot;,&quot;starsonly&quot;:&quot;&quot;,&quot;best&quot;:&quot;5&quot;,&quot;gap&quot;:&quot;4&quot;,&quot;greet&quot;:&quot;Ohodno\u0165&quot;,&quot;legend&quot;:&quot;5\\\/5 - (4 votes)&quot;,&quot;size&quot;:&quot;24&quot;,&quot;title&quot;:&quot;O up\u00edrech dne\u0161ka&quot;,&quot;width&quot;:&quot;138&quot;,&quot;_legend&quot;:&quot;{score}\\\/{best} - ({count} {votes})&quot;,&quot;font_factor&quot;:&quot;1.25&quot;}'>\n            \n<div class=\"kksr-stars\">\n    \n<div class=\"kksr-stars-inactive\">\n            <div class=\"kksr-star\" data-star=\"1\" style=\"padding-right: 4px\">\n            \n\n<div class=\"kksr-icon\" style=\"width: 24px; height: 24px;\"><\/div>\n        <\/div>\n            <div class=\"kksr-star\" data-star=\"2\" style=\"padding-right: 4px\">\n            \n\n<div class=\"kksr-icon\" style=\"width: 24px; height: 24px;\"><\/div>\n        <\/div>\n            <div class=\"kksr-star\" data-star=\"3\" style=\"padding-right: 4px\">\n            \n\n<div class=\"kksr-icon\" style=\"width: 24px; height: 24px;\"><\/div>\n        <\/div>\n            <div class=\"kksr-star\" data-star=\"4\" style=\"padding-right: 4px\">\n            \n\n<div class=\"kksr-icon\" style=\"width: 24px; height: 24px;\"><\/div>\n        <\/div>\n            <div class=\"kksr-star\" data-star=\"5\" style=\"padding-right: 4px\">\n            \n\n<div class=\"kksr-icon\" style=\"width: 24px; height: 24px;\"><\/div>\n        <\/div>\n    <\/div>\n    \n<div class=\"kksr-stars-active\" style=\"width: 138px;\">\n            <div class=\"kksr-star\" style=\"padding-right: 4px\">\n            \n\n<div class=\"kksr-icon\" style=\"width: 24px; height: 24px;\"><\/div>\n        <\/div>\n            <div class=\"kksr-star\" style=\"padding-right: 4px\">\n            \n\n<div class=\"kksr-icon\" style=\"width: 24px; height: 24px;\"><\/div>\n        <\/div>\n            <div class=\"kksr-star\" style=\"padding-right: 4px\">\n            \n\n<div class=\"kksr-icon\" style=\"width: 24px; height: 24px;\"><\/div>\n        <\/div>\n            <div class=\"kksr-star\" style=\"padding-right: 4px\">\n            \n\n<div class=\"kksr-icon\" style=\"width: 24px; height: 24px;\"><\/div>\n        <\/div>\n            <div class=\"kksr-star\" style=\"padding-right: 4px\">\n            \n\n<div class=\"kksr-icon\" style=\"width: 24px; height: 24px;\"><\/div>\n        <\/div>\n    <\/div>\n<\/div>\n                \n\n<div class=\"kksr-legend\" style=\"font-size: 19.2px;\">\n            5\/5 - (4 votes)    <\/div>\n    <\/div>\n<p>Views: 141<\/p>","protected":false},"excerpt":{"rendered":"<p>T\u00e9ma up\u00edr\u016f se d\u00e1 i dnes, mo\u017en\u00e1 daleko v\u00edc ne\u017e kdy d\u0159\u00edv, pokl\u00e1dat za aktu\u00e1ln\u00ed. Mnoz\u00ed ch\u00e1pou d\u016fle\u017eitost tohoto t\u00e9matu.<\/p>\n","protected":false},"author":1,"featured_media":656,"comment_status":"open","ping_status":"open","sticky":false,"template":"","format":"standard","meta":{"colormag_page_container_layout":"default_layout","colormag_page_sidebar_layout":"default_layout","footnotes":""},"categories":[6],"tags":[15],"class_list":["post-327","post","type-post","status-publish","format-standard","has-post-thumbnail","hentry","category-zeme","tag-archiv"],"yoast_head":"<!-- This site is optimized with the Yoast SEO plugin v27.4 - https:\/\/yoast.com\/product\/yoast-seo-wordpress\/ -->\n<title>O up\u00edrech dne\u0161ka -<\/title>\n<meta name=\"description\" content=\"T\u00e9ma up\u00edr\u016f se d\u00e1 i dnes, mo\u017en\u00e1 daleko v\u00edc ne\u017e kdy d\u0159\u00edv, pokl\u00e1dat za aktu\u00e1ln\u00ed. Mnoz\u00ed ch\u00e1pou d\u016fle\u017eitost tohoto t\u00e9matu. Jin\u00ed mohou naopak vn\u00edmat up\u00edrstv\u00ed pov\u011bre\u010dn\u011b,\" \/>\n<meta name=\"robots\" content=\"index, follow, max-snippet:-1, max-image-preview:large, max-video-preview:-1\" \/>\n<link rel=\"canonical\" href=\"https:\/\/ritual.cz\/index.php\/2020\/07\/02\/o-upirech-dneska\/\" \/>\n<meta property=\"og:locale\" content=\"cs_CZ\" \/>\n<meta property=\"og:type\" content=\"article\" \/>\n<meta property=\"og:title\" content=\"O up\u00edrech dne\u0161ka -\" \/>\n<meta property=\"og:description\" content=\"T\u00e9ma up\u00edr\u016f se d\u00e1 i dnes, mo\u017en\u00e1 daleko v\u00edc ne\u017e kdy d\u0159\u00edv, pokl\u00e1dat za aktu\u00e1ln\u00ed. Mnoz\u00ed ch\u00e1pou d\u016fle\u017eitost tohoto t\u00e9matu. Jin\u00ed mohou naopak vn\u00edmat up\u00edrstv\u00ed pov\u011bre\u010dn\u011b,\" \/>\n<meta property=\"og:url\" content=\"https:\/\/ritual.cz\/index.php\/2020\/07\/02\/o-upirech-dneska\/\" \/>\n<meta property=\"article:published_time\" content=\"2020-07-02T18:29:00+00:00\" \/>\n<meta property=\"article:modified_time\" content=\"2020-07-05T11:43:56+00:00\" \/>\n<meta property=\"og:image\" content=\"https:\/\/ritual.cz\/wp-content\/uploads\/2020\/07\/upir.jpg\" \/>\n\t<meta property=\"og:image:width\" content=\"400\" \/>\n\t<meta property=\"og:image:height\" content=\"300\" \/>\n\t<meta property=\"og:image:type\" content=\"image\/jpeg\" \/>\n<meta name=\"author\" content=\"Roman\" \/>\n<meta name=\"twitter:card\" content=\"summary_large_image\" \/>\n<meta name=\"twitter:label1\" content=\"Napsal(a)\" \/>\n\t<meta name=\"twitter:data1\" content=\"Roman\" \/>\n\t<meta name=\"twitter:label2\" content=\"Odhadovan\u00e1 doba \u010dten\u00ed\" \/>\n\t<meta name=\"twitter:data2\" content=\"3 minuty\" \/>\n<script type=\"application\/ld+json\" class=\"yoast-schema-graph\">{\"@context\":\"https:\\\/\\\/schema.org\",\"@graph\":[{\"@type\":\"Article\",\"@id\":\"https:\\\/\\\/ritual.cz\\\/index.php\\\/2020\\\/07\\\/02\\\/o-upirech-dneska\\\/#article\",\"isPartOf\":{\"@id\":\"https:\\\/\\\/ritual.cz\\\/index.php\\\/2020\\\/07\\\/02\\\/o-upirech-dneska\\\/\"},\"author\":{\"name\":\"Roman\",\"@id\":\"https:\\\/\\\/ritual.cz\\\/#\\\/schema\\\/person\\\/5474411d0e16f484d7888c39b03ad5e4\"},\"headline\":\"O up\u00edrech dne\u0161ka\",\"datePublished\":\"2020-07-02T18:29:00+00:00\",\"dateModified\":\"2020-07-05T11:43:56+00:00\",\"mainEntityOfPage\":{\"@id\":\"https:\\\/\\\/ritual.cz\\\/index.php\\\/2020\\\/07\\\/02\\\/o-upirech-dneska\\\/\"},\"wordCount\":603,\"commentCount\":1,\"publisher\":{\"@id\":\"https:\\\/\\\/ritual.cz\\\/#organization\"},\"image\":{\"@id\":\"https:\\\/\\\/ritual.cz\\\/index.php\\\/2020\\\/07\\\/02\\\/o-upirech-dneska\\\/#primaryimage\"},\"thumbnailUrl\":\"https:\\\/\\\/ritual.cz\\\/wp-content\\\/uploads\\\/2020\\\/07\\\/upir.jpg\",\"keywords\":[\"Archiv\"],\"articleSection\":[\"Zem\u011b\"],\"inLanguage\":\"cs\",\"potentialAction\":[{\"@type\":\"CommentAction\",\"name\":\"Comment\",\"target\":[\"https:\\\/\\\/ritual.cz\\\/index.php\\\/2020\\\/07\\\/02\\\/o-upirech-dneska\\\/#respond\"]}]},{\"@type\":\"WebPage\",\"@id\":\"https:\\\/\\\/ritual.cz\\\/index.php\\\/2020\\\/07\\\/02\\\/o-upirech-dneska\\\/\",\"url\":\"https:\\\/\\\/ritual.cz\\\/index.php\\\/2020\\\/07\\\/02\\\/o-upirech-dneska\\\/\",\"name\":\"O up\u00edrech dne\u0161ka -\",\"isPartOf\":{\"@id\":\"https:\\\/\\\/ritual.cz\\\/#website\"},\"primaryImageOfPage\":{\"@id\":\"https:\\\/\\\/ritual.cz\\\/index.php\\\/2020\\\/07\\\/02\\\/o-upirech-dneska\\\/#primaryimage\"},\"image\":{\"@id\":\"https:\\\/\\\/ritual.cz\\\/index.php\\\/2020\\\/07\\\/02\\\/o-upirech-dneska\\\/#primaryimage\"},\"thumbnailUrl\":\"https:\\\/\\\/ritual.cz\\\/wp-content\\\/uploads\\\/2020\\\/07\\\/upir.jpg\",\"datePublished\":\"2020-07-02T18:29:00+00:00\",\"dateModified\":\"2020-07-05T11:43:56+00:00\",\"description\":\"T\u00e9ma up\u00edr\u016f se d\u00e1 i dnes, mo\u017en\u00e1 daleko v\u00edc ne\u017e kdy d\u0159\u00edv, pokl\u00e1dat za aktu\u00e1ln\u00ed. Mnoz\u00ed ch\u00e1pou d\u016fle\u017eitost tohoto t\u00e9matu. Jin\u00ed mohou naopak vn\u00edmat up\u00edrstv\u00ed pov\u011bre\u010dn\u011b,\",\"breadcrumb\":{\"@id\":\"https:\\\/\\\/ritual.cz\\\/index.php\\\/2020\\\/07\\\/02\\\/o-upirech-dneska\\\/#breadcrumb\"},\"inLanguage\":\"cs\",\"potentialAction\":[{\"@type\":\"ReadAction\",\"target\":[\"https:\\\/\\\/ritual.cz\\\/index.php\\\/2020\\\/07\\\/02\\\/o-upirech-dneska\\\/\"]}]},{\"@type\":\"ImageObject\",\"inLanguage\":\"cs\",\"@id\":\"https:\\\/\\\/ritual.cz\\\/index.php\\\/2020\\\/07\\\/02\\\/o-upirech-dneska\\\/#primaryimage\",\"url\":\"https:\\\/\\\/ritual.cz\\\/wp-content\\\/uploads\\\/2020\\\/07\\\/upir.jpg\",\"contentUrl\":\"https:\\\/\\\/ritual.cz\\\/wp-content\\\/uploads\\\/2020\\\/07\\\/upir.jpg\",\"width\":400,\"height\":300},{\"@type\":\"BreadcrumbList\",\"@id\":\"https:\\\/\\\/ritual.cz\\\/index.php\\\/2020\\\/07\\\/02\\\/o-upirech-dneska\\\/#breadcrumb\",\"itemListElement\":[{\"@type\":\"ListItem\",\"position\":1,\"name\":\"Dom\u016f\",\"item\":\"https:\\\/\\\/ritual.cz\\\/\"},{\"@type\":\"ListItem\",\"position\":2,\"name\":\"O up\u00edrech dne\u0161ka\"}]},{\"@type\":\"WebSite\",\"@id\":\"https:\\\/\\\/ritual.cz\\\/#website\",\"url\":\"https:\\\/\\\/ritual.cz\\\/\",\"name\":\"Ritual\",\"description\":\"Port\u00e1l pro magii, esoteriku, zdrav\u00ed a duchovn\u00ed rozvoj\",\"publisher\":{\"@id\":\"https:\\\/\\\/ritual.cz\\\/#organization\"},\"potentialAction\":[{\"@type\":\"SearchAction\",\"target\":{\"@type\":\"EntryPoint\",\"urlTemplate\":\"https:\\\/\\\/ritual.cz\\\/?s={search_term_string}\"},\"query-input\":{\"@type\":\"PropertyValueSpecification\",\"valueRequired\":true,\"valueName\":\"search_term_string\"}}],\"inLanguage\":\"cs\"},{\"@type\":\"Organization\",\"@id\":\"https:\\\/\\\/ritual.cz\\\/#organization\",\"name\":\"Ritual\",\"url\":\"https:\\\/\\\/ritual.cz\\\/\",\"logo\":{\"@type\":\"ImageObject\",\"inLanguage\":\"cs\",\"@id\":\"https:\\\/\\\/ritual.cz\\\/#\\\/schema\\\/logo\\\/image\\\/\",\"url\":\"https:\\\/\\\/ritual.cz\\\/wp-content\\\/uploads\\\/2020\\\/03\\\/logo_ritual.gif\",\"contentUrl\":\"https:\\\/\\\/ritual.cz\\\/wp-content\\\/uploads\\\/2020\\\/03\\\/logo_ritual.gif\",\"width\":219,\"height\":172,\"caption\":\"Ritual\"},\"image\":{\"@id\":\"https:\\\/\\\/ritual.cz\\\/#\\\/schema\\\/logo\\\/image\\\/\"}},{\"@type\":\"Person\",\"@id\":\"https:\\\/\\\/ritual.cz\\\/#\\\/schema\\\/person\\\/5474411d0e16f484d7888c39b03ad5e4\",\"name\":\"Roman\",\"image\":{\"@type\":\"ImageObject\",\"inLanguage\":\"cs\",\"@id\":\"https:\\\/\\\/secure.gravatar.com\\\/avatar\\\/3514e5770a1ed444c77e2acbea6697d6e31fc75b7810cc07c11824fbf9ba1f00?s=96&d=wavatar&r=g\",\"url\":\"https:\\\/\\\/secure.gravatar.com\\\/avatar\\\/3514e5770a1ed444c77e2acbea6697d6e31fc75b7810cc07c11824fbf9ba1f00?s=96&d=wavatar&r=g\",\"contentUrl\":\"https:\\\/\\\/secure.gravatar.com\\\/avatar\\\/3514e5770a1ed444c77e2acbea6697d6e31fc75b7810cc07c11824fbf9ba1f00?s=96&d=wavatar&r=g\",\"caption\":\"Roman\"},\"url\":\"https:\\\/\\\/ritual.cz\\\/index.php\\\/author\\\/roman\\\/\"}]}<\/script>\n<!-- \/ Yoast SEO plugin. -->","yoast_head_json":{"title":"O up\u00edrech dne\u0161ka -","description":"T\u00e9ma up\u00edr\u016f se d\u00e1 i dnes, mo\u017en\u00e1 daleko v\u00edc ne\u017e kdy d\u0159\u00edv, pokl\u00e1dat za aktu\u00e1ln\u00ed. Mnoz\u00ed ch\u00e1pou d\u016fle\u017eitost tohoto t\u00e9matu. Jin\u00ed mohou naopak vn\u00edmat up\u00edrstv\u00ed pov\u011bre\u010dn\u011b,","robots":{"index":"index","follow":"follow","max-snippet":"max-snippet:-1","max-image-preview":"max-image-preview:large","max-video-preview":"max-video-preview:-1"},"canonical":"https:\/\/ritual.cz\/index.php\/2020\/07\/02\/o-upirech-dneska\/","og_locale":"cs_CZ","og_type":"article","og_title":"O up\u00edrech dne\u0161ka -","og_description":"T\u00e9ma up\u00edr\u016f se d\u00e1 i dnes, mo\u017en\u00e1 daleko v\u00edc ne\u017e kdy d\u0159\u00edv, pokl\u00e1dat za aktu\u00e1ln\u00ed. Mnoz\u00ed ch\u00e1pou d\u016fle\u017eitost tohoto t\u00e9matu. Jin\u00ed mohou naopak vn\u00edmat up\u00edrstv\u00ed pov\u011bre\u010dn\u011b,","og_url":"https:\/\/ritual.cz\/index.php\/2020\/07\/02\/o-upirech-dneska\/","article_published_time":"2020-07-02T18:29:00+00:00","article_modified_time":"2020-07-05T11:43:56+00:00","og_image":[{"width":400,"height":300,"url":"https:\/\/ritual.cz\/wp-content\/uploads\/2020\/07\/upir.jpg","type":"image\/jpeg"}],"author":"Roman","twitter_card":"summary_large_image","twitter_misc":{"Napsal(a)":"Roman","Odhadovan\u00e1 doba \u010dten\u00ed":"3 minuty"},"schema":{"@context":"https:\/\/schema.org","@graph":[{"@type":"Article","@id":"https:\/\/ritual.cz\/index.php\/2020\/07\/02\/o-upirech-dneska\/#article","isPartOf":{"@id":"https:\/\/ritual.cz\/index.php\/2020\/07\/02\/o-upirech-dneska\/"},"author":{"name":"Roman","@id":"https:\/\/ritual.cz\/#\/schema\/person\/5474411d0e16f484d7888c39b03ad5e4"},"headline":"O up\u00edrech dne\u0161ka","datePublished":"2020-07-02T18:29:00+00:00","dateModified":"2020-07-05T11:43:56+00:00","mainEntityOfPage":{"@id":"https:\/\/ritual.cz\/index.php\/2020\/07\/02\/o-upirech-dneska\/"},"wordCount":603,"commentCount":1,"publisher":{"@id":"https:\/\/ritual.cz\/#organization"},"image":{"@id":"https:\/\/ritual.cz\/index.php\/2020\/07\/02\/o-upirech-dneska\/#primaryimage"},"thumbnailUrl":"https:\/\/ritual.cz\/wp-content\/uploads\/2020\/07\/upir.jpg","keywords":["Archiv"],"articleSection":["Zem\u011b"],"inLanguage":"cs","potentialAction":[{"@type":"CommentAction","name":"Comment","target":["https:\/\/ritual.cz\/index.php\/2020\/07\/02\/o-upirech-dneska\/#respond"]}]},{"@type":"WebPage","@id":"https:\/\/ritual.cz\/index.php\/2020\/07\/02\/o-upirech-dneska\/","url":"https:\/\/ritual.cz\/index.php\/2020\/07\/02\/o-upirech-dneska\/","name":"O up\u00edrech dne\u0161ka -","isPartOf":{"@id":"https:\/\/ritual.cz\/#website"},"primaryImageOfPage":{"@id":"https:\/\/ritual.cz\/index.php\/2020\/07\/02\/o-upirech-dneska\/#primaryimage"},"image":{"@id":"https:\/\/ritual.cz\/index.php\/2020\/07\/02\/o-upirech-dneska\/#primaryimage"},"thumbnailUrl":"https:\/\/ritual.cz\/wp-content\/uploads\/2020\/07\/upir.jpg","datePublished":"2020-07-02T18:29:00+00:00","dateModified":"2020-07-05T11:43:56+00:00","description":"T\u00e9ma up\u00edr\u016f se d\u00e1 i dnes, mo\u017en\u00e1 daleko v\u00edc ne\u017e kdy d\u0159\u00edv, pokl\u00e1dat za aktu\u00e1ln\u00ed. Mnoz\u00ed ch\u00e1pou d\u016fle\u017eitost tohoto t\u00e9matu. Jin\u00ed mohou naopak vn\u00edmat up\u00edrstv\u00ed pov\u011bre\u010dn\u011b,","breadcrumb":{"@id":"https:\/\/ritual.cz\/index.php\/2020\/07\/02\/o-upirech-dneska\/#breadcrumb"},"inLanguage":"cs","potentialAction":[{"@type":"ReadAction","target":["https:\/\/ritual.cz\/index.php\/2020\/07\/02\/o-upirech-dneska\/"]}]},{"@type":"ImageObject","inLanguage":"cs","@id":"https:\/\/ritual.cz\/index.php\/2020\/07\/02\/o-upirech-dneska\/#primaryimage","url":"https:\/\/ritual.cz\/wp-content\/uploads\/2020\/07\/upir.jpg","contentUrl":"https:\/\/ritual.cz\/wp-content\/uploads\/2020\/07\/upir.jpg","width":400,"height":300},{"@type":"BreadcrumbList","@id":"https:\/\/ritual.cz\/index.php\/2020\/07\/02\/o-upirech-dneska\/#breadcrumb","itemListElement":[{"@type":"ListItem","position":1,"name":"Dom\u016f","item":"https:\/\/ritual.cz\/"},{"@type":"ListItem","position":2,"name":"O up\u00edrech dne\u0161ka"}]},{"@type":"WebSite","@id":"https:\/\/ritual.cz\/#website","url":"https:\/\/ritual.cz\/","name":"Ritual","description":"Port\u00e1l pro magii, esoteriku, zdrav\u00ed a duchovn\u00ed rozvoj","publisher":{"@id":"https:\/\/ritual.cz\/#organization"},"potentialAction":[{"@type":"SearchAction","target":{"@type":"EntryPoint","urlTemplate":"https:\/\/ritual.cz\/?s={search_term_string}"},"query-input":{"@type":"PropertyValueSpecification","valueRequired":true,"valueName":"search_term_string"}}],"inLanguage":"cs"},{"@type":"Organization","@id":"https:\/\/ritual.cz\/#organization","name":"Ritual","url":"https:\/\/ritual.cz\/","logo":{"@type":"ImageObject","inLanguage":"cs","@id":"https:\/\/ritual.cz\/#\/schema\/logo\/image\/","url":"https:\/\/ritual.cz\/wp-content\/uploads\/2020\/03\/logo_ritual.gif","contentUrl":"https:\/\/ritual.cz\/wp-content\/uploads\/2020\/03\/logo_ritual.gif","width":219,"height":172,"caption":"Ritual"},"image":{"@id":"https:\/\/ritual.cz\/#\/schema\/logo\/image\/"}},{"@type":"Person","@id":"https:\/\/ritual.cz\/#\/schema\/person\/5474411d0e16f484d7888c39b03ad5e4","name":"Roman","image":{"@type":"ImageObject","inLanguage":"cs","@id":"https:\/\/secure.gravatar.com\/avatar\/3514e5770a1ed444c77e2acbea6697d6e31fc75b7810cc07c11824fbf9ba1f00?s=96&d=wavatar&r=g","url":"https:\/\/secure.gravatar.com\/avatar\/3514e5770a1ed444c77e2acbea6697d6e31fc75b7810cc07c11824fbf9ba1f00?s=96&d=wavatar&r=g","contentUrl":"https:\/\/secure.gravatar.com\/avatar\/3514e5770a1ed444c77e2acbea6697d6e31fc75b7810cc07c11824fbf9ba1f00?s=96&d=wavatar&r=g","caption":"Roman"},"url":"https:\/\/ritual.cz\/index.php\/author\/roman\/"}]}},"_links":{"self":[{"href":"https:\/\/ritual.cz\/index.php\/wp-json\/wp\/v2\/posts\/327","targetHints":{"allow":["GET"]}}],"collection":[{"href":"https:\/\/ritual.cz\/index.php\/wp-json\/wp\/v2\/posts"}],"about":[{"href":"https:\/\/ritual.cz\/index.php\/wp-json\/wp\/v2\/types\/post"}],"author":[{"embeddable":true,"href":"https:\/\/ritual.cz\/index.php\/wp-json\/wp\/v2\/users\/1"}],"replies":[{"embeddable":true,"href":"https:\/\/ritual.cz\/index.php\/wp-json\/wp\/v2\/comments?post=327"}],"version-history":[{"count":0,"href":"https:\/\/ritual.cz\/index.php\/wp-json\/wp\/v2\/posts\/327\/revisions"}],"wp:featuredmedia":[{"embeddable":true,"href":"https:\/\/ritual.cz\/index.php\/wp-json\/wp\/v2\/media\/656"}],"wp:attachment":[{"href":"https:\/\/ritual.cz\/index.php\/wp-json\/wp\/v2\/media?parent=327"}],"wp:term":[{"taxonomy":"category","embeddable":true,"href":"https:\/\/ritual.cz\/index.php\/wp-json\/wp\/v2\/categories?post=327"},{"taxonomy":"post_tag","embeddable":true,"href":"https:\/\/ritual.cz\/index.php\/wp-json\/wp\/v2\/tags?post=327"}],"curies":[{"name":"wp","href":"https:\/\/api.w.org\/{rel}","templated":true}]}}