{"id":849,"date":"2020-11-17T12:43:20","date_gmt":"2020-11-17T11:43:20","guid":{"rendered":"https:\/\/ritual.cz\/?p=849"},"modified":"2020-11-17T12:52:10","modified_gmt":"2020-11-17T11:52:10","slug":"rozbijeni-nejnizsiho-sveta","status":"publish","type":"post","link":"https:\/\/ritual.cz\/index.php\/2020\/11\/17\/rozbijeni-nejnizsiho-sveta\/","title":{"rendered":"Rozb\u00edjen\u00ed nejni\u017e\u0161\u00edho sv\u011bta"},"content":{"rendered":"\n<h6 class=\"wp-block-heading\"><strong>0.<\/strong><\/h6>\n\n\n\n<p><em>Beatrice se neohl\u00e9dla; ne\u0159ekla ani slovo. Za\u0161m\u00e1trala rukou za sebe. Karl\u00edk, kter\u00fd byl nejbl\u00ed\u017e, se j\u00ed chytil. Potom Beatrice do\u0161la k prknu vedouc\u00edmu p\u0159es tr\u00e1my pod dal\u0161\u00ed krov. P\u0159e\u0161la p\u0159es n\u011b, zastavila se a vr\u00e1tila se i s Karl\u00edkem.<br>&#8222;Neud\u011blalas to dob\u0159e&#8220;, \u0159ekl Karl\u00edk zklaman\u011b. &#8222;Myslelas na n\u011bco \u0161patn\u00e9ho!&#8220; Ve zlat\u00e9m, mdl\u00e9m sv\u011btle byl jej\u00ed obli\u010dej nezvykle b\u00edl\u00fd. Janin pohled se st\u0159etl s jej\u00edm pohledem. &#8222;Beo.&#8220;<br>&#8222;Mus\u00ed\u0161 myslet na n\u011bco jin\u00e9ho,&#8220; \u0159ekla Beatrice rychle. &#8222;Ni\u010deho se neboj. Poj\u010f. &#8222;S Karl\u00edkem t\u011bsn\u011b za sebou se znovu pustila p\u0159es prkno. Karl\u00edk drmolil rytmick\u00fdm, mechanick\u00fdm, jednotv\u00e1rn\u00fdm hlasem:<\/em><\/p>\n\n\n\n<p><em>&#8222;Jeden dva, to jsem j\u00e1;<br>Jeden t\u0159i, to jsme my;<br>Jeden \u010dty\u0159i vylez z d\u00edry.&#8220;<br><br>Beatrice zmizela.<br><br>&#8222;Jeden p\u011bt, trhal kv\u011bt.&#8220;<br><br>Karl\u00edk zmizel.<\/em><\/p>\n\n\n\n<p>Tak p\u0159esn\u011b toto byla p\u016fvodn\u00ed my\u0161lenka. Dlu\u017eno \u0159\u00edci, \u017ee se to u\u017e n\u011bkolikr\u00e1t povedlo. Ani nev\u00ed (jak jinak, \u017ee\u2026), pro\u010d j\u00ed o to tak \u0161lo. Kdesi za t\u00edm zachumlan\u00e1 a skoro neviditeln\u00e1 je vize \u2026N\u011aCO SE MUS\u00cd ROZB\u00cdT\u2026<br>T\u011bch n\u011bkolik stereotypn\u00edch a tak\u0159ka nau\u010den\u00fdch \u00fakon\u016f lecht\u00e1 hada pod krkem.<\/p>\n\n\n\n<p><em>Proch\u00e1zela pod krovem, udr\u017euj\u00edc rovnov\u00e1hu, a\u017e do\u0161la k m\u016fstku z prkna. Pod nohama c\u00edtila jeho pru\u017en\u00e9 chv\u011bn\u00ed.<\/em><\/p>\n\n\n\n<p><em>&#8222;Jeden dva, to jsem j\u00e1;<br>jeden t\u0159i, to jsme my;<br>jeden \u010dty\u0159i, vylez z d\u00edry;<br>jeden p\u011bt, trhal kv\u011bt;<br>jeden \u0161est, ten m\u011bl??<\/em><\/p>\n\n\n\n<p><em>Dvakr\u00e1t minula. Pot\u0159et\u00ed se j\u00ed to poda\u0159ilo. Mysl mus\u00ed b\u00fdt upnuta k n\u011b\u010demu \u00fapln\u011b jin\u00e9mu. P\u0159e\u0161la m\u016fstek, oto\u010dila se a?<br>Na tom m\u00edst\u011b bylo \u0161ero, skoro tma. Byl tam c\u00edtit chlad, pr\u00e1zdnota, podzem\u00ed. V\u011bd\u011bla, \u017ee je hluboko dole, snad pod domem, snad velmi daleko od n\u011bj, a ani se nedivila. Bylo to pro ni p\u0159ijateln\u00e9 jako v\u0161echny ostatn\u00ed n\u00e1hody. V\u016fbec ji to nep\u0159ekvapovalo?.<\/em><\/p>\n\n\n\n<p>Tentokr\u00e1t to vy\u0161lo barvit\u011bji. Mo\u017en\u00e1 je taky hluboko dole, jak to, sakri\u0161, nazvat? T\u011bmto situac\u00edm se \u0159\u00edk\u00e1valo Br\u00e1ny, ale to bylo asi zase jinak. Koneckonc\u016f jin\u00e1 s\u00e9rie \u00fakon\u016f mus\u00ed d\u00e1vat jin\u00fd v\u00fdsledek.<\/p>\n\n\n\n<h6 class=\"wp-block-heading\"><strong>I.<\/strong><\/h6>\n\n\n\n<p>Br\u00e1na Tara se objevila naprosto bez varov\u00e1n\u00ed n\u011bkdy v dubnu \u010di kv\u011btnu 1986. Dva kolosy na silnici si nedaly p\u0159ednost. \u010celn\u00ed sr\u00e1\u017eka p\u0159inesla ne\u010dekan\u00fd z\u00e1\u017eitek navrch. Jenom\u017ee od t\u00e9 doby za\u010dalo b\u00fdt v\u0161echno jinak. Sv\u011bt se \u0159\u00eddil jin\u00fdmi pravidly. Ud\u00e1losti se rozlo\u017eily na sv\u00e9 komponenty.<\/p>\n\n\n\n<p><em>Br\u00e1na: Bod v prostoru, jeho\u017e \u00fa\u010delem je umo\u017e\u0148ovat pr\u016fchod z jednoho m\u00edsta do druh\u00e9ho.<\/em><\/p>\n\n\n\n<p><em>Ciz\u00ed podivn\u00fd sv\u011bt. Ponejprv se p\u0159ihl\u00e1sil t\u00edm, \u017ee na ni spadl t\u011b\u017ek\u00fd n\u00e1hrobek. No &#8211; spadl tak\u0159ka p\u0159esn\u011b jeden centimetr od jej\u00ed hlavy. Byl to prvn\u00ed viditeln\u00fd projev Prostorov\u00fdch Souvislost\u00ed a prvn\u00ed sly\u0161iteln\u00e9 slovo Venkovn\u00edch Str\u00e1\u017ec\u016f. A jejich z\u00e1sluhou nastalo obdob\u00ed elektromagnetick\u00fdch pol\u00ed, elektroaktivn\u00edch jev\u016f a prac\u00ed s informa\u010dn\u00edmi modulacemi. Z\u00e1zra\u010dn\u00e9 obdob\u00ed p\u0159esycen\u00e9 energi\u00ed, bou\u0159liv\u00fdmi novinkami a cestami skrz \u010das i prostor.<\/em><\/p>\n\n\n\n<p><em>Stav mysli b\u011b\u017en\u011b pro\u017e\u00edvan\u00fd nen\u00ed schopen si uv\u011bdomit energetickou bari\u00e9ru, kter\u00e1 \u010dlov\u011bka odd\u011bluje od vy\u0161\u0161\u00edch forem energie.<\/em><\/p>\n\n\n\n<p><em><strong>II.<\/strong><\/em><\/p>\n\n\n\n<p><em>Ke konci obdob\u00ed narazila na Druhou Br\u00e1nu Mah. M\u00e1lem ji nepoznala &#8211; byla \u00fapln\u011b jin\u00e1. Ak\u010dn\u00ed sc\u00e9na st\u0159etnut\u00ed s omezuj\u00edc\u00edmi silami byla jako vyst\u0159i\u017een\u00e1 z americk\u00e9ho filmu. V t\u00e9 dob\u011b to byla zcela neobvykl\u00e1 situace. Ale m\u011bla ten den n\u011bjakou divnou n\u00e1ladu a \u0161patn\u011b Br\u00e1nu p\u0159ijala; po\u0159\u00e1d se mn\u011b tam objevoval n\u011bkdo zvenku. Tak se moc nepoda\u0159ila.<\/em><\/p>\n\n\n\n<p><em>Elektromagnetick\u00e9 pole je fyzik\u00e1ln\u00edm projevem hmoty. Umo\u017e\u0148uje \u0161\u00ed\u0159en\u00ed energie a informace za podm\u00ednek p\u0159esn\u011b stanoven\u00fdch. R\u016fzn\u00e1 pole si mohou energii i informace vz\u00e1jemn\u011b p\u0159ed\u00e1vat. Lze p\u0159edlo\u017eit tvrzen\u00ed, \u017ee p\u0159ipust\u00edme-li existenci ne-fyzik\u00e1ln\u00edch silov\u00fdch pol\u00ed, pak je nutno i u nich p\u0159edpokl\u00e1dat polarizaci.<\/em><\/p>\n\n\n\n<p>Pokazilo se t\u00edm p\u00e1r dal\u0161\u00edch v\u011bc\u00ed. Vzp\u00edr\u00e1n\u00edm se pr\u016fchodu skrz Br\u00e1nu se energie \u0161patn\u011b polarizovala. Nep\u0159ijat\u00e1 Br\u00e1na zap\u0159\u00ed\u010dinila v\u0161echny ty nep\u0159\u00edjemnosti potom a celou tu ztr\u00e1tu spojen\u00ed s Nejni\u017e\u0161\u00edm sv\u011btem. Vy\u00fastila do nucen\u00e9ho prota\u017een\u00ed se T\u0159et\u00ed Branou Harg, kter\u00e1 se projevila jako zastaven\u00ed \u010dasu a kr\u00e1tk\u00e9 spojen\u00ed.<br><br><em>Vlastn\u00ed v\u016fle, p\u0159\u00ed\u010d\u00edc\u00ed se bo\u017esk\u00e9, mus\u00ed nejprve vyhasnout, ne\u017e bo\u017esk\u00e1 v\u016fle m\u016f\u017ee vej\u00edt do srdce.<\/em><br><br><strong>III.<\/strong><br><br>\u010ctvrt\u00e1 Br\u00e1na Gadala se na jedn\u00e9 z \u00farovn\u00ed skute\u010dnosti jev\u00ed jako ukon\u010den\u00ed \u010dasov\u00e9 smy\u010dky, kter\u00e1 zapo\u010dala u Druh\u00e9 Br\u00e1ny. Druh\u00e1 a \u010ctvrt\u00e1 Br\u00e1na jsou jedno a tot\u00e9\u017e m\u00edsto. P\u0159i pohledu zven\u010d\u00ed je to dob\u0159e poznat: A i v tomto p\u0159\u00edpad\u011b byl po\u010det shodn\u00fdch prvk\u016f na Nejni\u017e\u0161\u00ed sv\u011bt skute\u010dn\u011b p\u0159ekvapiv\u00fd.<br><br><em>Realita je d\u00e1na existenc\u00ed t\u0159\u00ed prostorov\u00fdch rozm\u011br\u016f, v\u00fd\u0161ky, \u0161\u00ed\u0159ky a d\u00e9lky. Dal\u0161\u00ed dva ?rozm\u011bry? \u010di body ustanovuj\u00ed pohyb a \u010das.<\/em><\/p>\n\n\n\n<p><em>Nepokazila to a napodruh\u00e9 bez pot\u00ed\u017e\u00ed pro\u0161la. T\u00edm se otev\u0159el pohled na P\u00e1tou Br\u00e1nu, kter\u00e1 byla vlastn\u011b t\u0159et\u00ed \u010di sp\u00ed\u0161e \u010dtvrt\u00e1. P\u0159ivedla sebou p\u0159\u00e1tele, ale sta\u010dilo jim nahl\u00e9dnout a necht\u011bli j\u00edt d\u00e1l. P\u00e1t\u00e1 Br\u00e1na zarachotila skrze bou\u0159i a vich\u0159ici, st\u00e1hla mraky na jedno m\u00edsto a jimi vytvo\u0159ila pr\u016fchod skrze Nejni\u017e\u0161\u00ed sv\u011bt. Vstoupily ciz\u00ed s\u00edly a padly ob\u011bti v podob\u011b nemocn\u00fdch a zran\u011bn\u00fdch z \u0159ad t\u011bch, kdo\u017e p\u0159i\u0161li nahl\u00e9dnout. Jin\u00ed se uzdravili a je\u0161t\u011b dal\u0161\u00ed byli p\u0159izv\u00e1ni k \u00fa\u010dasti.<br><\/em><\/p>\n\n\n\n<p><em>Syn \u010dlov\u011bka kr\u00e1\u010d\u00ed cestou, ji\u017e mu p\u0159isuzuj\u00ed p\u00edsma, av\u0161ak b\u011bda \u010dlov\u011bku, jen\u017e syna \u010dlov\u011bka zrad\u00ed. MT26,24<\/em><\/p>\n\n\n\n<p>Deformac\u00ed \u010dasoprostoru se za\u010dala utv\u00e1\u0159et jin\u00e1 forma Nejni\u017e\u0161\u00edho sv\u011bta. \u010c\u00e1sti, kter\u00e9 vznikly je\u0161t\u011b d\u00edky jeho star\u00e9 podob\u011b, byly p\u0159itom str\u017eeny skrze pr\u016fchod do nicoty. Naz\u00edr\u00e1no z jin\u00e9 \u00farovn\u011b reality nastal do\u010dasn\u00fd chaos. P\u0159eskupily se s\u00edly i vztahy mezi silami. Lid\u00e9, kte\u0159\u00ed se sch\u00e1zeli, se roze\u0161li. P\u0159\u00e1n\u00ed v\u010derej\u0161ka pozbyla d\u016fle\u017eitost. Naz\u00edr\u00e1no skrze je\u0161t\u011b jinou \u00farove\u0148 reality bylo nutno ur\u010ditou \u010d\u00e1st cesty vykonat znovu, proto\u017ee ukon\u010den\u00edm sv\u00e9 p\u0159edchoz\u00ed podoby ztratila existence Nejni\u017e\u0161\u00edho sv\u011bta platnost.<\/p>\n\n\n\n<p><em>Pou\u017eit\u00edm excita\u010dn\u00edch technik p\u0159ech\u00e1z\u00ed mysl do vybuzen\u00e9ho energetick\u00e9ho stavu. Zde se spojuje s Vy\u0161\u0161\u00edmi formami energie, kter\u00e9 ji nad\u00e1le \u0159\u00edd\u00ed. Podn\u011bty nepostupuj\u00ed od receptor\u016f p\u0159es \u0159\u00edd\u00edc\u00ed syst\u00e9m zp\u011bt k efektor\u016fm jak je obvykl\u00e9, n\u00fdbr\u017e se samy st\u00e1vaj\u00ed sou\u010d\u00e1st\u00ed Vy\u0161\u0161\u00edch forem energie.<\/em><\/p>\n\n\n\n<h6 class=\"wp-block-heading\"><br><strong>IV.<\/strong><\/h6>\n\n\n\n<p>\u0160est\u00e1 Br\u00e1na Hurf, kter\u00e1 je ale t\u00e9\u017e \u010dtvrt\u00e1 \u010di p\u00e1t\u00e1, vstoupila po letech bez varov\u00e1n\u00ed. Nabyla tak\u0159ka stejn\u00e9 podoby jako Prvn\u00ed Br\u00e1na a beze studu do sebe syntetizovala v\u0161echny sv\u00e9 dosavadn\u00ed p\u0159edch\u016fdkyn\u011b. Tak jako Prvn\u00ed Br\u00e1na nesla pe\u010de\u0165 Venkovn\u00edch Str\u00e1\u017ec\u016f, tak jako Druh\u00e1 a \u010ctvrt\u00e1 ukazovala neobvykl\u00e9 sledy jev\u016f, tak jako T\u0159et\u00ed vstoupila n\u00e1siln\u011b, tak jako P\u00e1t\u00e1 ovlivnila i mnoho dal\u0161\u00edch. Ale jen sama jedin\u00e1 dala v\u00fdhled vzad.<\/p>\n\n\n\n<p><em>\u010clov\u011bk, kter\u00fd pro\u0161el branou ve zdi nikdy nebude stejn\u00fd jako ten, kter\u00fd z\u016fstal st\u00e1t p\u0159ed n\u00ed.<\/em><\/p>\n\n\n\n<p><em>M\u00edsto, kam Br\u00e1na \u00fast\u00ed, ale zat\u00edm nen\u00ed prohl\u00e9dnut\u00e9. Jsou vid\u011bt bitvy Str\u00e1\u017ec\u016f na pozad\u00ed rud\u00e9 oblohy. Jsou vid\u011bt sy\u010d\u00edc\u00ed v\u011btry, jak \u0161lehaj\u00ed do pil\u00ed\u0159\u016f Sedm\u00e9 Br\u00e1ny Ranubahh, v n\u00ed\u017e se to\u010d\u00ed divok\u00e9 v\u00edry a sama Br\u00e1na jako by se propadala v prostoru. Jej\u00ed Podoba je zoufalstv\u00ed a ho\u0159kost a jej\u00ed hranice nese slzy V\u011b\u010dnosti Temn\u00e9.<\/em><\/p>\n\n\n\n<p><em>B\u011bda sv\u011btu za pohor\u0161en\u00ed, kter\u00e9 p\u0159in\u00e1\u0161\u00ed. Pohor\u0161en\u00ed mus\u00ed nevyhnuteln\u011b p\u0159ij\u00edt, ale b\u011bda \u010dlov\u011bku, jeho\u017e prost\u0159ednictv\u00edm p\u0159ijde. MT18,7<\/em><\/p>\n\n\n\n<h6 class=\"wp-block-heading\"><strong>00.<\/strong><\/h6>\n\n\n\n<p><em>Proch\u00e1zela pod krovem, udr\u017euj\u00edc rovnov\u00e1hu, a\u017e do\u0161la k m\u016fstku z prkna. Pod nohama c\u00edtila jeho pru\u017en\u00e9 chv\u011bn\u00ed.<\/em><\/p>\n\n\n\n<p><em>&#8222;Jeden dva, to jsem j\u00e1;<br>jeden t\u0159i, to jsme my;<br>jeden \u010dty\u0159i, vylez z d\u00edry;<br>jeden p\u011bt, trhal kv\u011bt;<br>jeden \u0161est, ten m\u011bl\u2026?<\/em><\/p>\n\n\n\n<p><em>Dvakr\u00e1t minula. Pot\u0159et\u00ed se j\u00ed to poda\u0159ilo. Mysl mus\u00ed b\u00fdt upnuta k n\u011b\u010demu \u00fapln\u011b jin\u00e9mu. P\u0159e\u0161la m\u016fstek, oto\u010dila se a?<br>Na tom m\u00edst\u011b bylo \u0161ero, skoro tma. Byl tam c\u00edtit chlad, pr\u00e1zdnota, podzem\u00ed. V\u011bd\u011bla, \u017ee je hluboko dole, snad pod domem, snad velmi daleko od n\u011bj, a ani se nedivila. Bylo to pro ni p\u0159ijateln\u00e9 jako v\u0161echny ostatn\u00ed n\u00e1hody. V\u016fbec ji to nep\u0159ekvapovalo?.<\/em><\/p>\n\n\n\n<p>*<\/p>\n\n\n\n<p>Tentokr\u00e1t to vy\u0161lo barvit\u011bji. \u0158\u00edk\u00e1valo se jim Br\u00e1ny, a kdy\u017e se nad t\u00edm d\u016fkladn\u011b, ale opravdu d\u016fkladn\u011b zamysl\u00edte, p\u0159ijdete na to, \u017ee pr\u00e1v\u011b Br\u00e1ny byly a jsou to podivn\u00e9, nevypo\u010ditateln\u00e9 a ohromuj\u00edc\u00ed, s \u010d\u00edm byste se b\u00fdvali rad\u011bji u\u017e nesetkali.<\/p>\n\n\n\n<p>Ale pr\u00e1v\u011b te\u010f si nem\u016f\u017eete b\u00fdt jisti, jestli si p\u0159ejete to, co si m\u00e1te p\u0159\u00e1t.<\/p>\n\n\n\n<p><\/p>\n\n\n\n<p><strong>Citace:<\/strong><\/p>\n\n\n\n<p>Henry Kuttner &#8211; Byl to d\u00e9mon, in: Tich\u00e1 hr\u016fza, Mlad\u00e1 fronta Praha 1967<br>Nezn\u00e1m\u00fd pramen<br>Bible svat\u00e1<br>Druh\u00e9 pov\u00eddky z vesm\u00edru<br>Aldous Huxley &#8211; Br\u00e1ny vn\u00edm\u00e1n\u00ed, Praha 1998<\/p>\n\n\n\n<p>Chiah<\/p>\n\n\n\n<p>Dal\u0161\u00ed \u010dl\u00e1nky t\u00e9ho\u017e autora:<br><a href=\"https:\/\/ritual.cz\/index.php\/2020\/08\/01\/na-co-myslis-sebastiane\/\/\">Na co mysl\u00ed\u0161, Sebasti\u00e1ne?<\/a><\/p>\n\n\n\n<hr class=\"wp-block-separator\"\/>\n\n\n\n\n\n<div class=\"kk-star-ratings kksr-auto kksr-align-center kksr-valign-bottom\"\n    data-payload='{&quot;align&quot;:&quot;center&quot;,&quot;id&quot;:&quot;849&quot;,&quot;slug&quot;:&quot;default&quot;,&quot;valign&quot;:&quot;bottom&quot;,&quot;ignore&quot;:&quot;&quot;,&quot;reference&quot;:&quot;auto&quot;,&quot;class&quot;:&quot;&quot;,&quot;count&quot;:&quot;2&quot;,&quot;legendonly&quot;:&quot;&quot;,&quot;readonly&quot;:&quot;&quot;,&quot;score&quot;:&quot;4.5&quot;,&quot;starsonly&quot;:&quot;&quot;,&quot;best&quot;:&quot;5&quot;,&quot;gap&quot;:&quot;4&quot;,&quot;greet&quot;:&quot;Ohodno\u0165&quot;,&quot;legend&quot;:&quot;4.5\\\/5 - (2 votes)&quot;,&quot;size&quot;:&quot;24&quot;,&quot;title&quot;:&quot;Rozb\u00edjen\u00ed nejni\u017e\u0161\u00edho sv\u011bta&quot;,&quot;width&quot;:&quot;124&quot;,&quot;_legend&quot;:&quot;{score}\\\/{best} - ({count} {votes})&quot;,&quot;font_factor&quot;:&quot;1.25&quot;}'>\n            \n<div class=\"kksr-stars\">\n    \n<div class=\"kksr-stars-inactive\">\n            <div class=\"kksr-star\" data-star=\"1\" style=\"padding-right: 4px\">\n            \n\n<div class=\"kksr-icon\" style=\"width: 24px; height: 24px;\"><\/div>\n        <\/div>\n            <div class=\"kksr-star\" data-star=\"2\" style=\"padding-right: 4px\">\n            \n\n<div class=\"kksr-icon\" style=\"width: 24px; height: 24px;\"><\/div>\n        <\/div>\n            <div class=\"kksr-star\" data-star=\"3\" style=\"padding-right: 4px\">\n            \n\n<div class=\"kksr-icon\" style=\"width: 24px; height: 24px;\"><\/div>\n        <\/div>\n            <div class=\"kksr-star\" data-star=\"4\" style=\"padding-right: 4px\">\n            \n\n<div class=\"kksr-icon\" style=\"width: 24px; height: 24px;\"><\/div>\n        <\/div>\n            <div class=\"kksr-star\" data-star=\"5\" style=\"padding-right: 4px\">\n            \n\n<div class=\"kksr-icon\" style=\"width: 24px; height: 24px;\"><\/div>\n        <\/div>\n    <\/div>\n    \n<div class=\"kksr-stars-active\" style=\"width: 124px;\">\n            <div class=\"kksr-star\" style=\"padding-right: 4px\">\n            \n\n<div class=\"kksr-icon\" style=\"width: 24px; height: 24px;\"><\/div>\n        <\/div>\n            <div class=\"kksr-star\" style=\"padding-right: 4px\">\n            \n\n<div class=\"kksr-icon\" style=\"width: 24px; height: 24px;\"><\/div>\n        <\/div>\n            <div class=\"kksr-star\" style=\"padding-right: 4px\">\n            \n\n<div class=\"kksr-icon\" style=\"width: 24px; height: 24px;\"><\/div>\n        <\/div>\n            <div class=\"kksr-star\" style=\"padding-right: 4px\">\n            \n\n<div class=\"kksr-icon\" style=\"width: 24px; height: 24px;\"><\/div>\n        <\/div>\n            <div class=\"kksr-star\" style=\"padding-right: 4px\">\n            \n\n<div class=\"kksr-icon\" style=\"width: 24px; height: 24px;\"><\/div>\n        <\/div>\n    <\/div>\n<\/div>\n                \n\n<div class=\"kksr-legend\" style=\"font-size: 19.2px;\">\n            4.5\/5 - (2 votes)    <\/div>\n    <\/div>\n<p>Views: 29<\/p>","protected":false},"excerpt":{"rendered":"<p>0. Beatrice se neohl\u00e9dla; ne\u0159ekla ani slovo. Za\u0161m\u00e1trala rukou za sebe. Karl\u00edk, kter\u00fd byl nejbl\u00ed\u017e, se j\u00ed chytil. Potom Beatrice<\/p>\n","protected":false},"author":1,"featured_media":0,"comment_status":"open","ping_status":"open","sticky":false,"template":"","format":"standard","meta":{"colormag_page_container_layout":"default_layout","colormag_page_sidebar_layout":"default_layout","footnotes":""},"categories":[4],"tags":[15],"class_list":["post-849","post","type-post","status-publish","format-standard","hentry","category-voda","tag-archiv"],"yoast_head":"<!-- This site is optimized with the Yoast SEO plugin v27.4 - https:\/\/yoast.com\/product\/yoast-seo-wordpress\/ -->\n<title>Rozb\u00edjen\u00ed nejni\u017e\u0161\u00edho sv\u011bta -<\/title>\n<meta name=\"robots\" content=\"index, follow, max-snippet:-1, max-image-preview:large, max-video-preview:-1\" \/>\n<link rel=\"canonical\" href=\"https:\/\/ritual.cz\/index.php\/2020\/11\/17\/rozbijeni-nejnizsiho-sveta\/\" \/>\n<meta property=\"og:locale\" content=\"cs_CZ\" \/>\n<meta property=\"og:type\" content=\"article\" \/>\n<meta property=\"og:title\" content=\"Rozb\u00edjen\u00ed nejni\u017e\u0161\u00edho sv\u011bta -\" \/>\n<meta property=\"og:description\" content=\"0. Beatrice se neohl\u00e9dla; ne\u0159ekla ani slovo. Za\u0161m\u00e1trala rukou za sebe. Karl\u00edk, kter\u00fd byl nejbl\u00ed\u017e, se j\u00ed chytil. Potom Beatrice\" \/>\n<meta property=\"og:url\" content=\"https:\/\/ritual.cz\/index.php\/2020\/11\/17\/rozbijeni-nejnizsiho-sveta\/\" \/>\n<meta property=\"article:published_time\" content=\"2020-11-17T11:43:20+00:00\" \/>\n<meta property=\"article:modified_time\" content=\"2020-11-17T11:52:10+00:00\" \/>\n<meta name=\"author\" content=\"Roman\" \/>\n<meta name=\"twitter:card\" content=\"summary_large_image\" \/>\n<meta name=\"twitter:label1\" content=\"Napsal(a)\" \/>\n\t<meta name=\"twitter:data1\" content=\"Roman\" \/>\n\t<meta name=\"twitter:label2\" content=\"Odhadovan\u00e1 doba \u010dten\u00ed\" \/>\n\t<meta name=\"twitter:data2\" content=\"8 minut\" \/>\n<script type=\"application\/ld+json\" class=\"yoast-schema-graph\">{\"@context\":\"https:\\\/\\\/schema.org\",\"@graph\":[{\"@type\":\"Article\",\"@id\":\"https:\\\/\\\/ritual.cz\\\/index.php\\\/2020\\\/11\\\/17\\\/rozbijeni-nejnizsiho-sveta\\\/#article\",\"isPartOf\":{\"@id\":\"https:\\\/\\\/ritual.cz\\\/index.php\\\/2020\\\/11\\\/17\\\/rozbijeni-nejnizsiho-sveta\\\/\"},\"author\":{\"name\":\"Roman\",\"@id\":\"https:\\\/\\\/ritual.cz\\\/#\\\/schema\\\/person\\\/5474411d0e16f484d7888c39b03ad5e4\"},\"headline\":\"Rozb\u00edjen\u00ed nejni\u017e\u0161\u00edho sv\u011bta\",\"datePublished\":\"2020-11-17T11:43:20+00:00\",\"dateModified\":\"2020-11-17T11:52:10+00:00\",\"mainEntityOfPage\":{\"@id\":\"https:\\\/\\\/ritual.cz\\\/index.php\\\/2020\\\/11\\\/17\\\/rozbijeni-nejnizsiho-sveta\\\/\"},\"wordCount\":1689,\"commentCount\":0,\"publisher\":{\"@id\":\"https:\\\/\\\/ritual.cz\\\/#organization\"},\"keywords\":[\"Archiv\"],\"articleSection\":[\"Voda\"],\"inLanguage\":\"cs\",\"potentialAction\":[{\"@type\":\"CommentAction\",\"name\":\"Comment\",\"target\":[\"https:\\\/\\\/ritual.cz\\\/index.php\\\/2020\\\/11\\\/17\\\/rozbijeni-nejnizsiho-sveta\\\/#respond\"]}]},{\"@type\":\"WebPage\",\"@id\":\"https:\\\/\\\/ritual.cz\\\/index.php\\\/2020\\\/11\\\/17\\\/rozbijeni-nejnizsiho-sveta\\\/\",\"url\":\"https:\\\/\\\/ritual.cz\\\/index.php\\\/2020\\\/11\\\/17\\\/rozbijeni-nejnizsiho-sveta\\\/\",\"name\":\"Rozb\u00edjen\u00ed nejni\u017e\u0161\u00edho sv\u011bta -\",\"isPartOf\":{\"@id\":\"https:\\\/\\\/ritual.cz\\\/#website\"},\"datePublished\":\"2020-11-17T11:43:20+00:00\",\"dateModified\":\"2020-11-17T11:52:10+00:00\",\"breadcrumb\":{\"@id\":\"https:\\\/\\\/ritual.cz\\\/index.php\\\/2020\\\/11\\\/17\\\/rozbijeni-nejnizsiho-sveta\\\/#breadcrumb\"},\"inLanguage\":\"cs\",\"potentialAction\":[{\"@type\":\"ReadAction\",\"target\":[\"https:\\\/\\\/ritual.cz\\\/index.php\\\/2020\\\/11\\\/17\\\/rozbijeni-nejnizsiho-sveta\\\/\"]}]},{\"@type\":\"BreadcrumbList\",\"@id\":\"https:\\\/\\\/ritual.cz\\\/index.php\\\/2020\\\/11\\\/17\\\/rozbijeni-nejnizsiho-sveta\\\/#breadcrumb\",\"itemListElement\":[{\"@type\":\"ListItem\",\"position\":1,\"name\":\"Dom\u016f\",\"item\":\"https:\\\/\\\/ritual.cz\\\/\"},{\"@type\":\"ListItem\",\"position\":2,\"name\":\"Rozb\u00edjen\u00ed nejni\u017e\u0161\u00edho sv\u011bta\"}]},{\"@type\":\"WebSite\",\"@id\":\"https:\\\/\\\/ritual.cz\\\/#website\",\"url\":\"https:\\\/\\\/ritual.cz\\\/\",\"name\":\"Ritual\",\"description\":\"Port\u00e1l pro magii, esoteriku, zdrav\u00ed a duchovn\u00ed rozvoj\",\"publisher\":{\"@id\":\"https:\\\/\\\/ritual.cz\\\/#organization\"},\"potentialAction\":[{\"@type\":\"SearchAction\",\"target\":{\"@type\":\"EntryPoint\",\"urlTemplate\":\"https:\\\/\\\/ritual.cz\\\/?s={search_term_string}\"},\"query-input\":{\"@type\":\"PropertyValueSpecification\",\"valueRequired\":true,\"valueName\":\"search_term_string\"}}],\"inLanguage\":\"cs\"},{\"@type\":\"Organization\",\"@id\":\"https:\\\/\\\/ritual.cz\\\/#organization\",\"name\":\"Ritual\",\"url\":\"https:\\\/\\\/ritual.cz\\\/\",\"logo\":{\"@type\":\"ImageObject\",\"inLanguage\":\"cs\",\"@id\":\"https:\\\/\\\/ritual.cz\\\/#\\\/schema\\\/logo\\\/image\\\/\",\"url\":\"https:\\\/\\\/ritual.cz\\\/wp-content\\\/uploads\\\/2020\\\/03\\\/logo_ritual.gif\",\"contentUrl\":\"https:\\\/\\\/ritual.cz\\\/wp-content\\\/uploads\\\/2020\\\/03\\\/logo_ritual.gif\",\"width\":219,\"height\":172,\"caption\":\"Ritual\"},\"image\":{\"@id\":\"https:\\\/\\\/ritual.cz\\\/#\\\/schema\\\/logo\\\/image\\\/\"}},{\"@type\":\"Person\",\"@id\":\"https:\\\/\\\/ritual.cz\\\/#\\\/schema\\\/person\\\/5474411d0e16f484d7888c39b03ad5e4\",\"name\":\"Roman\",\"image\":{\"@type\":\"ImageObject\",\"inLanguage\":\"cs\",\"@id\":\"https:\\\/\\\/secure.gravatar.com\\\/avatar\\\/3514e5770a1ed444c77e2acbea6697d6e31fc75b7810cc07c11824fbf9ba1f00?s=96&d=wavatar&r=g\",\"url\":\"https:\\\/\\\/secure.gravatar.com\\\/avatar\\\/3514e5770a1ed444c77e2acbea6697d6e31fc75b7810cc07c11824fbf9ba1f00?s=96&d=wavatar&r=g\",\"contentUrl\":\"https:\\\/\\\/secure.gravatar.com\\\/avatar\\\/3514e5770a1ed444c77e2acbea6697d6e31fc75b7810cc07c11824fbf9ba1f00?s=96&d=wavatar&r=g\",\"caption\":\"Roman\"},\"url\":\"https:\\\/\\\/ritual.cz\\\/index.php\\\/author\\\/roman\\\/\"}]}<\/script>\n<!-- \/ Yoast SEO plugin. -->","yoast_head_json":{"title":"Rozb\u00edjen\u00ed nejni\u017e\u0161\u00edho sv\u011bta -","robots":{"index":"index","follow":"follow","max-snippet":"max-snippet:-1","max-image-preview":"max-image-preview:large","max-video-preview":"max-video-preview:-1"},"canonical":"https:\/\/ritual.cz\/index.php\/2020\/11\/17\/rozbijeni-nejnizsiho-sveta\/","og_locale":"cs_CZ","og_type":"article","og_title":"Rozb\u00edjen\u00ed nejni\u017e\u0161\u00edho sv\u011bta -","og_description":"0. Beatrice se neohl\u00e9dla; ne\u0159ekla ani slovo. Za\u0161m\u00e1trala rukou za sebe. Karl\u00edk, kter\u00fd byl nejbl\u00ed\u017e, se j\u00ed chytil. Potom Beatrice","og_url":"https:\/\/ritual.cz\/index.php\/2020\/11\/17\/rozbijeni-nejnizsiho-sveta\/","article_published_time":"2020-11-17T11:43:20+00:00","article_modified_time":"2020-11-17T11:52:10+00:00","author":"Roman","twitter_card":"summary_large_image","twitter_misc":{"Napsal(a)":"Roman","Odhadovan\u00e1 doba \u010dten\u00ed":"8 minut"},"schema":{"@context":"https:\/\/schema.org","@graph":[{"@type":"Article","@id":"https:\/\/ritual.cz\/index.php\/2020\/11\/17\/rozbijeni-nejnizsiho-sveta\/#article","isPartOf":{"@id":"https:\/\/ritual.cz\/index.php\/2020\/11\/17\/rozbijeni-nejnizsiho-sveta\/"},"author":{"name":"Roman","@id":"https:\/\/ritual.cz\/#\/schema\/person\/5474411d0e16f484d7888c39b03ad5e4"},"headline":"Rozb\u00edjen\u00ed nejni\u017e\u0161\u00edho sv\u011bta","datePublished":"2020-11-17T11:43:20+00:00","dateModified":"2020-11-17T11:52:10+00:00","mainEntityOfPage":{"@id":"https:\/\/ritual.cz\/index.php\/2020\/11\/17\/rozbijeni-nejnizsiho-sveta\/"},"wordCount":1689,"commentCount":0,"publisher":{"@id":"https:\/\/ritual.cz\/#organization"},"keywords":["Archiv"],"articleSection":["Voda"],"inLanguage":"cs","potentialAction":[{"@type":"CommentAction","name":"Comment","target":["https:\/\/ritual.cz\/index.php\/2020\/11\/17\/rozbijeni-nejnizsiho-sveta\/#respond"]}]},{"@type":"WebPage","@id":"https:\/\/ritual.cz\/index.php\/2020\/11\/17\/rozbijeni-nejnizsiho-sveta\/","url":"https:\/\/ritual.cz\/index.php\/2020\/11\/17\/rozbijeni-nejnizsiho-sveta\/","name":"Rozb\u00edjen\u00ed nejni\u017e\u0161\u00edho sv\u011bta -","isPartOf":{"@id":"https:\/\/ritual.cz\/#website"},"datePublished":"2020-11-17T11:43:20+00:00","dateModified":"2020-11-17T11:52:10+00:00","breadcrumb":{"@id":"https:\/\/ritual.cz\/index.php\/2020\/11\/17\/rozbijeni-nejnizsiho-sveta\/#breadcrumb"},"inLanguage":"cs","potentialAction":[{"@type":"ReadAction","target":["https:\/\/ritual.cz\/index.php\/2020\/11\/17\/rozbijeni-nejnizsiho-sveta\/"]}]},{"@type":"BreadcrumbList","@id":"https:\/\/ritual.cz\/index.php\/2020\/11\/17\/rozbijeni-nejnizsiho-sveta\/#breadcrumb","itemListElement":[{"@type":"ListItem","position":1,"name":"Dom\u016f","item":"https:\/\/ritual.cz\/"},{"@type":"ListItem","position":2,"name":"Rozb\u00edjen\u00ed nejni\u017e\u0161\u00edho sv\u011bta"}]},{"@type":"WebSite","@id":"https:\/\/ritual.cz\/#website","url":"https:\/\/ritual.cz\/","name":"Ritual","description":"Port\u00e1l pro magii, esoteriku, zdrav\u00ed a duchovn\u00ed rozvoj","publisher":{"@id":"https:\/\/ritual.cz\/#organization"},"potentialAction":[{"@type":"SearchAction","target":{"@type":"EntryPoint","urlTemplate":"https:\/\/ritual.cz\/?s={search_term_string}"},"query-input":{"@type":"PropertyValueSpecification","valueRequired":true,"valueName":"search_term_string"}}],"inLanguage":"cs"},{"@type":"Organization","@id":"https:\/\/ritual.cz\/#organization","name":"Ritual","url":"https:\/\/ritual.cz\/","logo":{"@type":"ImageObject","inLanguage":"cs","@id":"https:\/\/ritual.cz\/#\/schema\/logo\/image\/","url":"https:\/\/ritual.cz\/wp-content\/uploads\/2020\/03\/logo_ritual.gif","contentUrl":"https:\/\/ritual.cz\/wp-content\/uploads\/2020\/03\/logo_ritual.gif","width":219,"height":172,"caption":"Ritual"},"image":{"@id":"https:\/\/ritual.cz\/#\/schema\/logo\/image\/"}},{"@type":"Person","@id":"https:\/\/ritual.cz\/#\/schema\/person\/5474411d0e16f484d7888c39b03ad5e4","name":"Roman","image":{"@type":"ImageObject","inLanguage":"cs","@id":"https:\/\/secure.gravatar.com\/avatar\/3514e5770a1ed444c77e2acbea6697d6e31fc75b7810cc07c11824fbf9ba1f00?s=96&d=wavatar&r=g","url":"https:\/\/secure.gravatar.com\/avatar\/3514e5770a1ed444c77e2acbea6697d6e31fc75b7810cc07c11824fbf9ba1f00?s=96&d=wavatar&r=g","contentUrl":"https:\/\/secure.gravatar.com\/avatar\/3514e5770a1ed444c77e2acbea6697d6e31fc75b7810cc07c11824fbf9ba1f00?s=96&d=wavatar&r=g","caption":"Roman"},"url":"https:\/\/ritual.cz\/index.php\/author\/roman\/"}]}},"_links":{"self":[{"href":"https:\/\/ritual.cz\/index.php\/wp-json\/wp\/v2\/posts\/849","targetHints":{"allow":["GET"]}}],"collection":[{"href":"https:\/\/ritual.cz\/index.php\/wp-json\/wp\/v2\/posts"}],"about":[{"href":"https:\/\/ritual.cz\/index.php\/wp-json\/wp\/v2\/types\/post"}],"author":[{"embeddable":true,"href":"https:\/\/ritual.cz\/index.php\/wp-json\/wp\/v2\/users\/1"}],"replies":[{"embeddable":true,"href":"https:\/\/ritual.cz\/index.php\/wp-json\/wp\/v2\/comments?post=849"}],"version-history":[{"count":0,"href":"https:\/\/ritual.cz\/index.php\/wp-json\/wp\/v2\/posts\/849\/revisions"}],"wp:attachment":[{"href":"https:\/\/ritual.cz\/index.php\/wp-json\/wp\/v2\/media?parent=849"}],"wp:term":[{"taxonomy":"category","embeddable":true,"href":"https:\/\/ritual.cz\/index.php\/wp-json\/wp\/v2\/categories?post=849"},{"taxonomy":"post_tag","embeddable":true,"href":"https:\/\/ritual.cz\/index.php\/wp-json\/wp\/v2\/tags?post=849"}],"curies":[{"name":"wp","href":"https:\/\/api.w.org\/{rel}","templated":true}]}}