{"id":933,"date":"2020-11-25T10:42:36","date_gmt":"2020-11-25T09:42:36","guid":{"rendered":"https:\/\/ritual.cz\/?p=933"},"modified":"2020-11-25T10:48:18","modified_gmt":"2020-11-25T09:48:18","slug":"tema-vyvoj-lidstva","status":"publish","type":"post","link":"https:\/\/ritual.cz\/index.php\/2020\/11\/25\/tema-vyvoj-lidstva\/","title":{"rendered":"T\u00e9ma: V\u00fdvoj lidstva"},"content":{"rendered":"\n<p><em>Sou\u010dasn\u00e1 situace vyvol\u00e1v\u00e1 \u0159adu otazn\u00edk\u016f a v mnoha lidech vzbuzuje pocity nejistoty. Co bude d\u00e1l, jak\u00fd je v\u00fdznam v\u0161eho, co se v posledn\u00edch n\u011bkolika t\u00fddnech d\u011bje? M\u00e1me se ob\u00e1vat &#8211; nebo budeme zachr\u00e1n\u011bni? M\u00e1me si pomoci sami &#8211; nebo p\u0159ijde n\u011bkdo, kdo n\u00e1m pom\u016f\u017ee? Co je pro dal\u0161\u00ed v\u00fdvoj \u010dlov\u011bka dobr\u00e9, p\u0159e\u017eij\u00ed lid\u00e9?<\/em><\/p>\n\n\n\n<p><em>Tento \u00faryvek z knihy Hovory s Bohem jako odpov\u011b\u010f na v\u0161echny tyto mo\u017en\u00e9 ot\u00e1zky rozes\u00edl\u00e1 pan Josef Nov\u00e1k. Jak plyne ze subjectu mailov\u00e9 zpr\u00e1vy, v n\u00ed\u017e p\u0159\u00edsp\u011bvek byl, je p\u0159\u00edznivcem str\u00e1nek <a href=\"http:\/\/www.universe-people.cz\">www.universe-people.cz<\/a>.<\/em><\/p>\n\n\n\n<p>\u2026m\u00e1m spoustu dal\u0161\u00edch ot\u00e1zek. N\u011bkter\u00e9 body je t\u0159eba vysv\u011btlit podrobn\u011bji. Pro\u010d \u0161el Hitler do nebe? (V\u00edm, \u017ee ses to sna\u017eilvysv\u011btlit, ale st\u00e1le mi to nen\u00ed jasn\u00e9). Jak\u00fd hlub\u0161\u00ed smysl se skr\u00fdv\u00e1 za v\u0161emi ud\u00e1lostmi ? A jakou souvislost m\u00e1 tento hlub\u0161\u00ed smysl sHitlerem a ostatn\u00edmi dikt\u00e1tory?<\/p>\n\n\n\n<p>C\u00edlem v\u0161ech ud\u00e1lost\u00ed a v\u0161ech z\u00e1\u017eitk\u016f je vytvo\u0159en\u00ed p\u0159\u00edle\u017eitosti Ud\u00e1losti a z\u00e1\u017eitky jsou p\u0159\u00edle\u017eitosti. Nic v\u00edc a nic m\u00ed\u0148.<\/p>\n\n\n\n<p>Bylo by myln\u00e9 pova\u017eovat je za d\u00edlo \u010f\u00e1bla, trest Bo\u017e\u00ed, odm\u011bnu z nebes nebo n\u011bco podobn\u00e9ho. Jsou to prost\u011b ud\u00e1losti a z\u00e1\u017eitky.<br>Smysl jim d\u00e1v\u00e1 to, co si o nich mysl\u00edme a jak na n\u011b reagujeme.<\/p>\n\n\n\n<p>Ud\u00e1losti a z\u00e1\u017eitky jsou p\u0159\u00edle\u017eitosti, kter\u00e9 k sob\u011b individu\u00e1ln\u011b nebo kolektivn\u011b p\u0159itahujete prost\u0159ednictv\u00edm sv\u00e9ho v\u011bdom\u00ed. V\u011bdom\u00ed vytv\u00e1\u0159\u00ed z\u00e1\u017eitky. Sna\u017e\u00edte se dos\u00e1hnout vy\u0161\u0161\u00ed \u00farovn\u011b v\u011bdom\u00ed. P\u0159itahujete tyto p\u0159\u00edle\u017eitosti, abyste jich pou\u017eili jako n\u00e1stroje k vytv\u00e1\u0159en\u00ed toho, \u010d\u00edm jste. To, co jste, je bytost na vy\u0161\u0161\u00ed \u00farovni v\u011bdom\u00ed, ne\u017e te\u010f projevujete vy.<\/p>\n\n\n\n<p>Proto\u017ee chci, abyste pozn\u00e1vali a pro\u017e\u00edvali to, \u010d\u00edm jste, dovoluji v\u00e1m p\u0159itahovat k sob\u011b ud\u00e1losti a z\u00e1\u017eitky, kter\u00e9 v\u00e1m to umo\u017en\u00ed.<br>V t\u00e9to univerz\u00e1ln\u00ed h\u0159e se k v\u00e1m ob\u010das p\u0159id\u00e1vaj\u00ed dal\u0161\u00ed hr\u00e1\u010di &#8211; n\u00e1hodn\u00ed zn\u00e1m\u00ed, p\u0159\u00e1tel\u00e9, spolupracovn\u00edci, p\u0159\u00edbuzn\u00ed a \u017eivotn\u00ed partne\u0159i.<br>Tyto du\u0161e k sob\u011b p\u0159itahujete a vy jste p\u0159itahov\u00e1ni k nim. Je to vz\u00e1jemn\u011b tv\u016fr\u010d\u00ed z\u00e1\u017eitek, kter\u00fd vyjad\u0159uje touhy obou stran.<\/p>\n\n\n\n<p>Nikdo k v\u00e1m nep\u0159ijde n\u00e1hodou.<br>Neexistuje \u017e\u00e1dn\u00e1 koincidence.<br>Nic se ned\u011bje n\u00e1hodn\u011b.<br>\u017divot nen\u00ed v\u00fdsledkem n\u00e1hody.<\/p>\n\n\n\n<p>Ud\u00e1losti i lid\u00e9 jsou k v\u00e1m p\u0159itahov\u00e1ni pro va\u0161e vlastn\u00ed \u00fa\u010dely. Hlub\u0161\u00ed planet\u00e1rn\u00ed ud\u00e1losti jsou v\u00fdsledkem kolektivn\u00edho v\u011bdom\u00ed. Jsou p\u0159itahov\u00e1ny k va\u0161\u00ed skupin\u011b v d\u016fsledku va\u0161ich kolektivn\u00edch rozhodnut\u00ed a tu\u017eeb.<\/p>\n\n\n\n<p>Co to znamen\u00e1 va\u0161e skupina?<\/p>\n\n\n\n<p>A\u010dkoli si to m\u00e1lo lid\u00ed uv\u011bdomuje, kolektivn\u00ed v\u011bdom\u00ed je velmi mocn\u00e9; a kdy\u017e si ned\u00e1\u0161 pozor, m\u016f\u017ee ovl\u00e1dnout tv\u00e9 individu\u00e1ln\u00ed v\u011bdom\u00ed.<br>Chce\u0161-li, aby byl tv\u016fj \u017eivot na t\u00e9to planet\u011b harmonick\u00fd, mus\u00ed\u0161 se v\u0161ude, kam p\u0159ijde\u0161, sna\u017eit vytvo\u0159it kolektivn\u00ed v\u011bdom\u00ed.<br>Jsi-li v n\u011bjak\u00e9 skupin\u011b, jej\u00ed\u017e v\u011bdom\u00ed neodpov\u00edd\u00e1 tv\u00e9mu a je\u017e nejsi schopen zm\u011bnit, bude moud\u0159ej\u0161\u00ed skupinu opustit, nebo\u0165 jinak by t\u011b mohla v\u00e9st. Takov\u00e1 skupina jde tam, kam chce ona, bez ohledu na to, kam bys cht\u011bl j\u00edt ty.<\/p>\n\n\n\n<p>Nem\u016f\u017ee\u0161-li naj\u00edt skupinu, jej\u00ed\u017e v\u011bdom\u00ed by odpov\u00eddalo tv\u00e9mu, pokus se takovou skupinu zalo\u017eit. Lid\u00e9 s podobn\u00fdm v\u011bdom\u00edm, jako m\u00e1\u0161 ty, k tob\u011b budou p\u0159itahov\u00e1ni.<\/p>\n\n\n\n<p>Jednotlivci a men\u0161\u00ed skupiny musej\u00ed ovliv\u0148ovat v\u011bt\u0161\u00ed skupiny &#8211; a nakonec cel\u00e9 lidstvo &#8211; aby do\u0161lo k trval\u00e9 a podstatn\u00e9 zm\u011bn\u011b na t\u00e9to planet\u011b.<br>V\u00e1\u0161 sv\u011bt a stav, v n\u011bm\u017e se nach\u00e1z\u00ed, je odrazem kolektivn\u00edho v\u011bdom\u00ed lidstva.<\/p>\n\n\n\n<p>Jak vid\u00ed\u0161, kdy\u017e se rozhl\u00e9dne\u0161 kolem sebe, \u010dek\u00e1 v\u00e1s spousta pr\u00e1ce. Pokud ov\u0161em nejsi spokojen se sou\u010dasn\u00fdm stavem sv\u011bta.<br>Je p\u0159ekvapuj\u00edc\u00ed, \u017ee v\u011bt\u0161ina lid\u00ed s n\u00edm spokojena je. Proto se nic nem\u011bn\u00ed.<\/p>\n\n\n\n<p>V\u011bt\u0161ina lid\u00ed je spokojena se sv\u011btem, v n\u011bm\u017e jsou uzn\u00e1v\u00e1ny rozd\u00edly, nikoli podobnosti, a v n\u011bm\u017e se neshody \u0159e\u0161\u00ed v\u00e1lkami.<br>V\u011bt\u0161ina lid\u00ed je spokojena se sv\u011btem, v n\u011bm\u017e p\u0159e\u017e\u00edvaj\u00ed jen ti nejsiln\u011bj\u0161\u00ed, v n\u011bm\u017e moc je pr\u00e1vo, a v\u00edt\u011bzstv\u00ed je pova\u017eov\u00e1no ze nejvy\u0161\u0161\u00ed dobro.<br>Produkuje-li takov\u00fd sv\u011bt tak\u00e9 ztroskotance &#8211; budi\u017e &#8211; pokud mezi n\u011b nepat\u0159\u00edte. V\u011bt\u0161ina lid\u00ed definuje zlo jako n\u011bco jin\u00e9ho, ne\u017e jsou oni. N\u00e1bo\u017eensk\u00e9, soci\u00e1ln\u00ed, ekonomick\u00e9 a kulturn\u00ed rozd\u00edly nejsou tolerov\u00e1ny.<\/p>\n\n\n\n<p>Vyko\u0159is\u0165ov\u00e1n\u00ed je ospravedl\u0148ov\u00e1no sebeuspokojen\u00fdm tvrzen\u00edm vyko\u0159is\u0165ovatel\u016f, \u017ee jejich ob\u011bti jsou na tom mnohem l\u00e9pe ne\u017e p\u0159ed t\u00edm, ne\u017e byly vyko\u0159is\u0165ov\u00e1ny. Vy\u0161\u0161\u00ed vrstvy, kter\u00e9 na t\u00e9to situaci sprost\u011b vyd\u011bl\u00e1vaj\u00ed, nezaj\u00edm\u00e1, jak by se m\u011blo zach\u00e1zet s lidmi, kdybychom byli opravdu spravedliv\u00ed.<\/p>\n\n\n\n<p>Kdy\u017e n\u011bkdo navrhne jin\u00fd syst\u00e9m, v\u011bt\u0161ina lid\u00ed se sm\u011bje a poukazuje na to, \u017ee d\u00edky sout\u011b\u017een\u00ed a zab\u00edjen\u00ed je tato civilizace tak \u00fa\u017easn\u00e1. V\u011bt\u0161ina lid\u00ed je p\u0159esv\u011bd\u010dena, \u017ee neexistuje \u017e\u00e1dn\u00fd jin\u00fd p\u0159irozen\u00fd zp\u016fsob existence, \u017ee je v povaze \u010dlov\u011bka chovat se tak, jak se chov\u00e1, a \u017ee jak\u00e9koli jin\u00e9 chov\u00e1n\u00ed by zabilo vnit\u0159n\u00ed el\u00e1n, kter\u00fd n\u00e1s nut\u00ed b\u00fdt \u00fasp\u011b\u0161n\u00fdmi. (Nikdo se nept\u00e1 v \u010dem.)<\/p>\n\n\n\n<p>A\u010dkoli je to pro osv\u00edcen\u00e9ho \u010dlov\u011bka obt\u00ed\u017en\u00e9 pochopit, v\u011bt\u0161ina lid\u00ed na va\u0161\u00ed planet\u011b v\u011b\u0159\u00ed t\u00e9to filozofii, a proto se nezaj\u00edm\u00e1 o trp\u00edc\u00ed masy, o utla\u010dovan\u00e9 men\u0161iny ani o z\u00e1kladn\u00ed pot\u0159eby kohokoli jin\u00e9ho.<\/p>\n\n\n\n<p>V\u011bt\u0161ina lid\u00ed si neuv\u011bdomuje, \u017ee svou \u010dinnost\u00ed ni\u010d\u00ed planetu, kter\u00e1 jim d\u00e1v\u00e1 \u017eivot, nebo\u0165 se nestaraj\u00ed o nic jin\u00e9ho ne\u017e o zlep\u0161en\u00ed vlastn\u00edho \u017eivota. Jsou tak neuv\u011b\u0159iteln\u011b kr\u00e1tkozrac\u00ed, \u017ee nevid\u00ed, \u017ee kr\u00e1tkodob\u00e9 zisky \u010dasto zp\u016fsobuj\u00ed dlouhodob\u00e9 ztr\u00e1ty.<\/p>\n\n\n\n<p>V\u011bt\u0161ina lid\u00ed se c\u00edt\u00ed ohro\u017eena kolektivn\u00edm v\u011bdom\u00edm, takov\u00fdmi pojmy, jako je kolektivn\u00ed dobro, jeden sv\u011btov\u00fd n\u00e1zor nebo jeden B\u016fh, kter\u00fd existuje v jednot\u011b se v\u0161emi bytostmi.<\/p>\n\n\n\n<p>Je jasn\u00e9, \u017ee strach ze v\u0161eho, co vede ke sjednocen\u00ed, a vyzdvihov\u00e1n\u00ed v\u0161eho, co v\u00e1s rozd\u011bluje, vyvol\u00e1v\u00e1 konflikty &#8211; a p\u0159esto se zd\u00e1, \u017ee nejste schopni pou\u010dit se z vlastn\u00ed zku\u0161enosti, nebo\u0165 d\u011bl\u00e1te st\u00e1le tot\u00e9\u017e a se stejn\u00fdmi v\u00fdsledky.<br>Neschopnost pochopit utrpen\u00ed druh\u00fdch umo\u017e\u0148uje pokra\u010dov\u00e1n\u00ed utrpen\u00ed.<br>Odd\u011blenost plod\u00ed lhostejnost a fale\u0161nou nad\u0159azenost. Jednota plod\u00ed soucit a skute\u010dnou rovnost.<br>To, co se d\u011bje na va\u0161\u00ed planet\u011b posledn\u00ed t\u0159i tis\u00edce let, je odrazem kolektivn\u00edho v\u011bdom\u00ed va\u0161\u00ed skupiny &#8211; to jest cel\u00e9ho lidstva.<\/p>\n\n\n\n<p>Tuto \u00farove\u0148 v\u011bdom\u00ed lze nejl\u00e9pe ozna\u010dit za primitivn\u00ed.<br>Hmm. Ale zd\u00e1 se, \u017ee jsme odbo\u010dili od p\u016fvodn\u00ed ot\u00e1zky.<\/p>\n\n\n\n<p>Ani ne. Ptal ses na Hitlera. A fakt, \u017ee se Hitler dostal k moci, byl d\u016fsledkem kolektivn\u00edho v\u011bdom\u00ed. Mnoho lid\u00ed \u0159ekne, \u017ee Hitler ovl\u00e1dl jednu skupinu &#8211; v tomto p\u0159\u00edpad\u011b n\u011bmeck\u00fd n\u00e1rod &#8211; d\u00edky sv\u00e9 prohnanosti a mistrn\u00e9 r\u00e9torice. To v\u0161ak pohodln\u011b svaluje v\u0161echnu vinu na Hitlera &#8211; co\u017e mas\u00e1m n\u00e1ramn\u011b vyhovuje.<\/p>\n\n\n\n<p>Bez spolupr\u00e1ce a podpory a ochotn\u00e9 poslu\u0161nosti milion\u016f lid\u00ed by Hitler nemohl ud\u011blat nic. Skupina, kter\u00e1 si \u0159\u00edk\u00e1 N\u011bmci, na sebe mus\u00ed vz\u00edt zodpov\u011bdnost za holocaust. Stejn\u011b jako to mus\u00ed do ur\u010dit\u00e9 m\u00edry ud\u011blat v\u011bt\u0161\u00ed skupina naz\u00fdvan\u00e1 lidstvo, kter\u00e1, i kdy\u017e neud\u011blala nic jin\u00e9ho, byla p\u0159inejmen\u0161\u00edm lhostejn\u00e1 k utrpen\u00ed v N\u011bmecku, dokud nedos\u00e1hlo takov\u00e9ho stupn\u011b, \u017ee to ani ti nejchladnokrevn\u011bj\u0161\u00ed izolacionist\u00e9 nemohli ignorovat.<\/p>\n\n\n\n<p>Pochop, \u017ee pr\u00e1v\u011b kolektivn\u00ed v\u011bdom\u00ed poskytlo \u00farodnou p\u016fdu pro r\u016fst nacistick\u00e9ho hnut\u00ed. Hitler se jen chopil p\u0159\u00edle\u017eitosti, ale s\u00e1m ji nevytvo\u0159il.<\/p>\n\n\n\n<p>Mus\u00ed\u0161 si uv\u011bdomit, \u017ee kolektivn\u00ed v\u011bdom\u00ed, je\u017e neust\u00e1le zd\u016fraz\u0148uje v\u00fdjime\u010dnost a nad\u0159azenost, vede ke ztr\u00e1t\u011b soucitu, a ztr\u00e1tu soucitu nevyhnuteln\u011b n\u00e1sleduje ztr\u00e1ta sv\u011bdom\u00ed.<\/p>\n\n\n\n<p>Kolektivn\u00ed v\u011bdom\u00ed zako\u0159en\u011bn\u00e9 v nacionalismu ignoruje probl\u00e9my druh\u00fdch a z\u00e1rove\u0148 d\u00e1v\u00e1 vinu druh\u00fdm za probl\u00e9my vlastn\u00ed, \u010d\u00edm\u017e ospravedl\u0148uje odvetu, n\u00e1pravu a v\u00e1lku.<\/p>\n\n\n\n<p>Osv\u011btim byla nacistick\u00fdm \u0159e\u0161en\u00edm &#8211; pokusem o n\u00e1pravu &#8211; \u017eidovsk\u00e9ho probl\u00e9mu.<br>Nejhrozn\u011bj\u0161\u00ed nebylo to, \u017ee Hitler p\u00e1chal p\u0159\u00ed\u0161ern\u00e9 zlo\u010diny na lidsk\u00e9 rase, ale to, \u017ee mu to lidsk\u00e1 rasa dovolila.<br>P\u0159ekvapuj\u00edc\u00ed je nejen to, \u017ee se objevil n\u011bkdo takov\u00fd jako Hitler, ale tak\u00e9 to, \u017ee s n\u00edm tolik lid\u00ed souhlasilo.<br>Hrozn\u00e9 je nejen to, \u017ee Hitler vyvra\u017edil miliony \u017did\u016f, ale tak\u00e9 to, \u017ee miliony \u017did\u016f musely b\u00fdt vyvra\u017ed\u011bny, aby byl Hitler kone\u010dn\u011b zastaven.<br>Smyslem tohoto historick\u00e9ho obdob\u00ed bylo nastavit lidem zrcadlo a uk\u00e1zat jim, jak\u00e9 lidstvo skute\u010dn\u011b je.<br>Ve va\u0161\u00ed historii se setk\u00e1te s mnoha pozoruhodn\u00fdmi u\u010diteli, kte\u0159\u00ed v\u00e1m nab\u00edzej\u00ed p\u0159\u00edle\u017eitosti rozpomenout se na to, \u010d\u00edm skute\u010dn\u011b jste. Tito u\u010ditel\u00e9 v\u00e1m ukazuj\u00ed jak nejni\u017e\u0161\u00ed, tak nejvy\u0161\u0161\u00ed lidsk\u00fd potenci\u00e1l.<\/p>\n\n\n\n<p>Ukazuj\u00ed v\u00e1m jasn\u00e9 a z\u00e1vratn\u00e9 p\u0159\u00edklady toho, co \u010dlov\u011bk m\u016f\u017ee dok\u00e1zat &#8211; a kam se dostanete s takov\u00fdm v\u011bdom\u00edm, jak\u00e9 m\u00e1te vy.<br>Pamatuj si, \u017ee v\u011bdom\u00ed je v\u0161echno. V\u011bdom\u00ed vytv\u00e1\u0159\u00ed va\u0161i realitu. Kolektivn\u00ed v\u011bdom\u00ed je velmi mocn\u00e9 a produkuje bu\u010f nev\u00fdslovnou kr\u00e1su, nebo nev\u00fdslovnou hr\u016fzu. Volba v\u0161ak z\u00e1le\u017e\u00ed na v\u00e1s.<\/p>\n\n\n\n<p>Jestli\u017ee nejsi spokojen s v\u011bdom\u00edm sv\u00e9 skupiny, sna\u017e se jej zm\u011bnit.<br>Nejl\u00e9pe toho dos\u00e1hne\u0161 t\u00edm, \u017ee bude\u0161 \u017e\u00edt p\u0159\u00edkladn\u00fdm \u017eivotem.<br>Pokud to nesta\u010d\u00ed, zalo\u017e si svou vlastn\u00ed skupinu a bu\u010f zdrojem v\u011bdom\u00ed, jak\u00e9 si p\u0159eje\u0161, aby m\u011bli druz\u00ed.<br>V\u0161echno za\u010d\u00edn\u00e1 u tebe. V\u0161echno. Naprosto v\u0161echno.<br>Chce\u0161, aby se sv\u011bt zm\u011bnil? Zm\u011b\u0148 sv\u016fj vlastn\u00ed sv\u011bt.<\/p>\n\n\n\n<p>Hitler &#8211; stejn\u011b jako Kristus &#8211; v\u00e1m dal v\u00fdjime\u010dnou p\u0159\u00edle\u017eitost poznat, \u010d\u00edm skute\u010dn\u011b jste. Nicm\u00e9n\u011b tito velc\u00ed lid\u00e9 &#8211; Hitler nebo Buddha, \u010cingisch\u00e1n nebo Hare Kri\u0161na, Attila nebo Je\u017e\u00ed\u0161 Kristus &#8211; \u017eij\u00ed jen tak dlouho, dokud nezmiz\u00ed z va\u0161ich vzpom\u00ednek.<br>Proto \u017did\u00e9 stav\u00ed pomn\u00edky na pam\u00e1tku holocaustu, abyste na n\u011bj nikdy nezapomn\u011bli. Nebo\u0165 v ka\u017ed\u00e9m z v\u00e1s je n\u011bco z Hitlera &#8211; je to jen ot\u00e1zka stupn\u011b. Vra\u017ed\u011bn\u00ed lid\u00ed je vra\u017ed\u011bn\u00ed lid\u00ed, a\u0165 u\u017e v Osv\u011btimi nebo ve Wounded Knee.<br>Tak\u017ee Hitler byl posl\u00e1n na Zemi, aby n\u00e1m uk\u00e1zal, jak\u00fdch hr\u016fz je \u010dlov\u011bk schopen? Aby n\u00e1m uk\u00e1zal, jak hluboko je mo\u017en\u00e9 klesnout?<br>Hitler v\u00e1m nebyl posl\u00e1n. Hitlera jste si vytvo\u0159ili. Zrodil se z va\u0161eho kolektivn\u00edho v\u011bdom\u00ed, bez kter\u00e9ho by nemohl existovat. To je ponau\u010den\u00edm z t\u00e9to zku\u0161enosti.<\/p>\n\n\n\n<p>V\u011bdom\u00ed odd\u011blenosti, v\u00fdjime\u010dnosti a nad\u0159azenosti &#8211; rozli\u0161ov\u00e1n\u00ed na my a oni &#8211; vede k Hitlerovu pojet\u00ed sv\u011bta.<br>V\u011bdom\u00ed Bo\u017e\u00edho bratrstv\u00ed a jednoty vede ke Kristovu pojet\u00ed sv\u011bta.<br>Je-li utrpen\u00ed na\u0161e a nejen va\u0161e, je-li radost na\u0161e a nejen moje, je-li cel\u00fd \u017eivot n\u00e1\u0161 &#8211; pak je to skute\u010dn\u011b cel\u00fd \u017eivot.<br>Pro\u010d \u0161el Hitler do nebe?<\/p>\n\n\n\n<p>Proto\u017ee neud\u011blal nic \u0161patn\u00e9ho. Hitler prost\u011b ud\u011blal, co ud\u011blal. Mus\u00edm ti p\u0159ipomenout, \u017ee celou \u0159adu let miliony lid\u00ed v\u011b\u0159ily, \u017ee Hitler m\u00e1 pravdu. Jak by tomu nev\u011b\u0159il on s\u00e1m?<br>Kdybys hl\u00e1sal n\u011bco \u0161\u00edlen\u00e9ho a milion lid\u00ed by s tebou souhlasilo, nemyslil by sis, \u017ee jsi tak \u0161\u00edlen\u00fd.<br>Sv\u011bt &#8211; nakonec &#8211; do\u0161el k z\u00e1v\u011bru, \u017ee Hitler nem\u011bl pravdu. To znamen\u00e1, \u017ee se lid\u00e9 zamyslili nad t\u00edm, \u010d\u00edm jsou a \u010d\u00edm cht\u011bj\u00ed b\u00fdt vzhledem ke sv\u00e9 zku\u0161enosti s Hitlerem.<br>Hitler stanovil m\u011b\u0159\u00edtko! Nastavil parametry, kter\u00e9 v\u00e1s donutily p\u0159ehodnotit sv\u00e9 p\u0159edstavy o sob\u011b sam\u00fdch. Tot\u00e9\u017e ud\u011blal Kristus, jen\u017ee na opa\u010dn\u00e9m konci spektra.<br>Existovali dal\u0161\u00ed Kristov\u00e9 a dal\u0161\u00ed Hitlerov\u00e9. A op\u011bt p\u0159ijdou. Proto si d\u00e1vejte pozor, nebo\u0165 se mezi v\u00e1mi pohybuj\u00ed lid\u00e9 na r\u016fzn\u00fdch \u00farovn\u00edch v\u011bdom\u00ed. Jak\u00e9 v\u011bdom\u00ed m\u00e1\u0161 ty?<\/p>\n\n\n\n<p><strong>Zaslal: Josef Nov\u00e1k<\/strong><\/p>\n\n\n\n<hr class=\"wp-block-separator\"\/>\n\n\n\n\n\n<div class=\"kk-star-ratings kksr-auto kksr-align-center kksr-valign-bottom\"\n    data-payload='{&quot;align&quot;:&quot;center&quot;,&quot;id&quot;:&quot;933&quot;,&quot;slug&quot;:&quot;default&quot;,&quot;valign&quot;:&quot;bottom&quot;,&quot;ignore&quot;:&quot;&quot;,&quot;reference&quot;:&quot;auto&quot;,&quot;class&quot;:&quot;&quot;,&quot;count&quot;:&quot;2&quot;,&quot;legendonly&quot;:&quot;&quot;,&quot;readonly&quot;:&quot;&quot;,&quot;score&quot;:&quot;3.5&quot;,&quot;starsonly&quot;:&quot;&quot;,&quot;best&quot;:&quot;5&quot;,&quot;gap&quot;:&quot;4&quot;,&quot;greet&quot;:&quot;Ohodno\u0165&quot;,&quot;legend&quot;:&quot;3.5\\\/5 - (2 votes)&quot;,&quot;size&quot;:&quot;24&quot;,&quot;title&quot;:&quot;T\u00e9ma: V\u00fdvoj lidstva&quot;,&quot;width&quot;:&quot;96&quot;,&quot;_legend&quot;:&quot;{score}\\\/{best} - ({count} {votes})&quot;,&quot;font_factor&quot;:&quot;1.25&quot;}'>\n            \n<div class=\"kksr-stars\">\n    \n<div class=\"kksr-stars-inactive\">\n            <div class=\"kksr-star\" data-star=\"1\" style=\"padding-right: 4px\">\n            \n\n<div class=\"kksr-icon\" style=\"width: 24px; height: 24px;\"><\/div>\n        <\/div>\n            <div class=\"kksr-star\" data-star=\"2\" style=\"padding-right: 4px\">\n            \n\n<div class=\"kksr-icon\" style=\"width: 24px; height: 24px;\"><\/div>\n        <\/div>\n            <div class=\"kksr-star\" data-star=\"3\" style=\"padding-right: 4px\">\n            \n\n<div class=\"kksr-icon\" style=\"width: 24px; height: 24px;\"><\/div>\n        <\/div>\n            <div class=\"kksr-star\" data-star=\"4\" style=\"padding-right: 4px\">\n            \n\n<div class=\"kksr-icon\" style=\"width: 24px; height: 24px;\"><\/div>\n        <\/div>\n            <div class=\"kksr-star\" data-star=\"5\" style=\"padding-right: 4px\">\n            \n\n<div class=\"kksr-icon\" style=\"width: 24px; height: 24px;\"><\/div>\n        <\/div>\n    <\/div>\n    \n<div class=\"kksr-stars-active\" style=\"width: 96px;\">\n            <div class=\"kksr-star\" style=\"padding-right: 4px\">\n            \n\n<div class=\"kksr-icon\" style=\"width: 24px; height: 24px;\"><\/div>\n        <\/div>\n            <div class=\"kksr-star\" style=\"padding-right: 4px\">\n            \n\n<div class=\"kksr-icon\" style=\"width: 24px; height: 24px;\"><\/div>\n        <\/div>\n            <div class=\"kksr-star\" style=\"padding-right: 4px\">\n            \n\n<div class=\"kksr-icon\" style=\"width: 24px; height: 24px;\"><\/div>\n        <\/div>\n            <div class=\"kksr-star\" style=\"padding-right: 4px\">\n            \n\n<div class=\"kksr-icon\" style=\"width: 24px; height: 24px;\"><\/div>\n        <\/div>\n            <div class=\"kksr-star\" style=\"padding-right: 4px\">\n            \n\n<div class=\"kksr-icon\" style=\"width: 24px; height: 24px;\"><\/div>\n        <\/div>\n    <\/div>\n<\/div>\n                \n\n<div class=\"kksr-legend\" style=\"font-size: 19.2px;\">\n            3.5\/5 - (2 votes)    <\/div>\n    <\/div>\n<p>Views: 30<\/p>","protected":false},"excerpt":{"rendered":"<p>Sou\u010dasn\u00e1 situace vyvol\u00e1v\u00e1 \u0159adu otazn\u00edk\u016f a v mnoha lidech vzbuzuje pocity nejistoty. Co bude d\u00e1l, jak\u00fd je v\u00fdznam v\u0161eho, co<\/p>\n","protected":false},"author":1,"featured_media":945,"comment_status":"open","ping_status":"open","sticky":false,"template":"","format":"standard","meta":{"colormag_page_container_layout":"default_layout","colormag_page_sidebar_layout":"default_layout","footnotes":""},"categories":[5],"tags":[15],"class_list":["post-933","post","type-post","status-publish","format-standard","has-post-thumbnail","hentry","category-vzduch","tag-archiv"],"yoast_head":"<!-- This site is optimized with the Yoast SEO plugin v27.4 - https:\/\/yoast.com\/product\/yoast-seo-wordpress\/ -->\n<title>T\u00e9ma: V\u00fdvoj lidstva -<\/title>\n<meta name=\"robots\" content=\"index, follow, max-snippet:-1, max-image-preview:large, max-video-preview:-1\" \/>\n<link rel=\"canonical\" href=\"https:\/\/ritual.cz\/index.php\/2020\/11\/25\/tema-vyvoj-lidstva\/\" \/>\n<meta property=\"og:locale\" content=\"cs_CZ\" \/>\n<meta property=\"og:type\" content=\"article\" \/>\n<meta property=\"og:title\" content=\"T\u00e9ma: V\u00fdvoj lidstva -\" \/>\n<meta property=\"og:description\" content=\"Sou\u010dasn\u00e1 situace vyvol\u00e1v\u00e1 \u0159adu otazn\u00edk\u016f a v mnoha lidech vzbuzuje pocity nejistoty. Co bude d\u00e1l, jak\u00fd je v\u00fdznam v\u0161eho, co\" \/>\n<meta property=\"og:url\" content=\"https:\/\/ritual.cz\/index.php\/2020\/11\/25\/tema-vyvoj-lidstva\/\" \/>\n<meta property=\"article:published_time\" content=\"2020-11-25T09:42:36+00:00\" \/>\n<meta property=\"article:modified_time\" content=\"2020-11-25T09:48:18+00:00\" \/>\n<meta property=\"og:image\" content=\"https:\/\/ritual.cz\/wp-content\/uploads\/2020\/11\/20180608_160134.jpg\" \/>\n\t<meta property=\"og:image:width\" content=\"800\" \/>\n\t<meta property=\"og:image:height\" content=\"450\" \/>\n\t<meta property=\"og:image:type\" content=\"image\/jpeg\" \/>\n<meta name=\"author\" content=\"Roman\" \/>\n<meta name=\"twitter:card\" content=\"summary_large_image\" \/>\n<meta name=\"twitter:label1\" content=\"Napsal(a)\" \/>\n\t<meta name=\"twitter:data1\" content=\"Roman\" \/>\n\t<meta name=\"twitter:label2\" content=\"Odhadovan\u00e1 doba \u010dten\u00ed\" \/>\n\t<meta name=\"twitter:data2\" content=\"11 minut\" \/>\n<script type=\"application\/ld+json\" class=\"yoast-schema-graph\">{\"@context\":\"https:\\\/\\\/schema.org\",\"@graph\":[{\"@type\":\"Article\",\"@id\":\"https:\\\/\\\/ritual.cz\\\/index.php\\\/2020\\\/11\\\/25\\\/tema-vyvoj-lidstva\\\/#article\",\"isPartOf\":{\"@id\":\"https:\\\/\\\/ritual.cz\\\/index.php\\\/2020\\\/11\\\/25\\\/tema-vyvoj-lidstva\\\/\"},\"author\":{\"name\":\"Roman\",\"@id\":\"https:\\\/\\\/ritual.cz\\\/#\\\/schema\\\/person\\\/5474411d0e16f484d7888c39b03ad5e4\"},\"headline\":\"T\u00e9ma: V\u00fdvoj lidstva\",\"datePublished\":\"2020-11-25T09:42:36+00:00\",\"dateModified\":\"2020-11-25T09:48:18+00:00\",\"mainEntityOfPage\":{\"@id\":\"https:\\\/\\\/ritual.cz\\\/index.php\\\/2020\\\/11\\\/25\\\/tema-vyvoj-lidstva\\\/\"},\"wordCount\":2219,\"commentCount\":0,\"publisher\":{\"@id\":\"https:\\\/\\\/ritual.cz\\\/#organization\"},\"image\":{\"@id\":\"https:\\\/\\\/ritual.cz\\\/index.php\\\/2020\\\/11\\\/25\\\/tema-vyvoj-lidstva\\\/#primaryimage\"},\"thumbnailUrl\":\"https:\\\/\\\/ritual.cz\\\/wp-content\\\/uploads\\\/2020\\\/11\\\/20180608_160134.jpg\",\"keywords\":[\"Archiv\"],\"articleSection\":[\"Vzduch\"],\"inLanguage\":\"cs\",\"potentialAction\":[{\"@type\":\"CommentAction\",\"name\":\"Comment\",\"target\":[\"https:\\\/\\\/ritual.cz\\\/index.php\\\/2020\\\/11\\\/25\\\/tema-vyvoj-lidstva\\\/#respond\"]}]},{\"@type\":\"WebPage\",\"@id\":\"https:\\\/\\\/ritual.cz\\\/index.php\\\/2020\\\/11\\\/25\\\/tema-vyvoj-lidstva\\\/\",\"url\":\"https:\\\/\\\/ritual.cz\\\/index.php\\\/2020\\\/11\\\/25\\\/tema-vyvoj-lidstva\\\/\",\"name\":\"T\u00e9ma: V\u00fdvoj lidstva -\",\"isPartOf\":{\"@id\":\"https:\\\/\\\/ritual.cz\\\/#website\"},\"primaryImageOfPage\":{\"@id\":\"https:\\\/\\\/ritual.cz\\\/index.php\\\/2020\\\/11\\\/25\\\/tema-vyvoj-lidstva\\\/#primaryimage\"},\"image\":{\"@id\":\"https:\\\/\\\/ritual.cz\\\/index.php\\\/2020\\\/11\\\/25\\\/tema-vyvoj-lidstva\\\/#primaryimage\"},\"thumbnailUrl\":\"https:\\\/\\\/ritual.cz\\\/wp-content\\\/uploads\\\/2020\\\/11\\\/20180608_160134.jpg\",\"datePublished\":\"2020-11-25T09:42:36+00:00\",\"dateModified\":\"2020-11-25T09:48:18+00:00\",\"breadcrumb\":{\"@id\":\"https:\\\/\\\/ritual.cz\\\/index.php\\\/2020\\\/11\\\/25\\\/tema-vyvoj-lidstva\\\/#breadcrumb\"},\"inLanguage\":\"cs\",\"potentialAction\":[{\"@type\":\"ReadAction\",\"target\":[\"https:\\\/\\\/ritual.cz\\\/index.php\\\/2020\\\/11\\\/25\\\/tema-vyvoj-lidstva\\\/\"]}]},{\"@type\":\"ImageObject\",\"inLanguage\":\"cs\",\"@id\":\"https:\\\/\\\/ritual.cz\\\/index.php\\\/2020\\\/11\\\/25\\\/tema-vyvoj-lidstva\\\/#primaryimage\",\"url\":\"https:\\\/\\\/ritual.cz\\\/wp-content\\\/uploads\\\/2020\\\/11\\\/20180608_160134.jpg\",\"contentUrl\":\"https:\\\/\\\/ritual.cz\\\/wp-content\\\/uploads\\\/2020\\\/11\\\/20180608_160134.jpg\",\"width\":800,\"height\":450},{\"@type\":\"BreadcrumbList\",\"@id\":\"https:\\\/\\\/ritual.cz\\\/index.php\\\/2020\\\/11\\\/25\\\/tema-vyvoj-lidstva\\\/#breadcrumb\",\"itemListElement\":[{\"@type\":\"ListItem\",\"position\":1,\"name\":\"Dom\u016f\",\"item\":\"https:\\\/\\\/ritual.cz\\\/\"},{\"@type\":\"ListItem\",\"position\":2,\"name\":\"T\u00e9ma: V\u00fdvoj lidstva\"}]},{\"@type\":\"WebSite\",\"@id\":\"https:\\\/\\\/ritual.cz\\\/#website\",\"url\":\"https:\\\/\\\/ritual.cz\\\/\",\"name\":\"Ritual\",\"description\":\"Port\u00e1l pro magii, esoteriku, zdrav\u00ed a duchovn\u00ed rozvoj\",\"publisher\":{\"@id\":\"https:\\\/\\\/ritual.cz\\\/#organization\"},\"potentialAction\":[{\"@type\":\"SearchAction\",\"target\":{\"@type\":\"EntryPoint\",\"urlTemplate\":\"https:\\\/\\\/ritual.cz\\\/?s={search_term_string}\"},\"query-input\":{\"@type\":\"PropertyValueSpecification\",\"valueRequired\":true,\"valueName\":\"search_term_string\"}}],\"inLanguage\":\"cs\"},{\"@type\":\"Organization\",\"@id\":\"https:\\\/\\\/ritual.cz\\\/#organization\",\"name\":\"Ritual\",\"url\":\"https:\\\/\\\/ritual.cz\\\/\",\"logo\":{\"@type\":\"ImageObject\",\"inLanguage\":\"cs\",\"@id\":\"https:\\\/\\\/ritual.cz\\\/#\\\/schema\\\/logo\\\/image\\\/\",\"url\":\"https:\\\/\\\/ritual.cz\\\/wp-content\\\/uploads\\\/2020\\\/03\\\/logo_ritual.gif\",\"contentUrl\":\"https:\\\/\\\/ritual.cz\\\/wp-content\\\/uploads\\\/2020\\\/03\\\/logo_ritual.gif\",\"width\":219,\"height\":172,\"caption\":\"Ritual\"},\"image\":{\"@id\":\"https:\\\/\\\/ritual.cz\\\/#\\\/schema\\\/logo\\\/image\\\/\"}},{\"@type\":\"Person\",\"@id\":\"https:\\\/\\\/ritual.cz\\\/#\\\/schema\\\/person\\\/5474411d0e16f484d7888c39b03ad5e4\",\"name\":\"Roman\",\"image\":{\"@type\":\"ImageObject\",\"inLanguage\":\"cs\",\"@id\":\"https:\\\/\\\/secure.gravatar.com\\\/avatar\\\/3514e5770a1ed444c77e2acbea6697d6e31fc75b7810cc07c11824fbf9ba1f00?s=96&d=wavatar&r=g\",\"url\":\"https:\\\/\\\/secure.gravatar.com\\\/avatar\\\/3514e5770a1ed444c77e2acbea6697d6e31fc75b7810cc07c11824fbf9ba1f00?s=96&d=wavatar&r=g\",\"contentUrl\":\"https:\\\/\\\/secure.gravatar.com\\\/avatar\\\/3514e5770a1ed444c77e2acbea6697d6e31fc75b7810cc07c11824fbf9ba1f00?s=96&d=wavatar&r=g\",\"caption\":\"Roman\"},\"url\":\"https:\\\/\\\/ritual.cz\\\/index.php\\\/author\\\/roman\\\/\"}]}<\/script>\n<!-- \/ Yoast SEO plugin. -->","yoast_head_json":{"title":"T\u00e9ma: V\u00fdvoj lidstva -","robots":{"index":"index","follow":"follow","max-snippet":"max-snippet:-1","max-image-preview":"max-image-preview:large","max-video-preview":"max-video-preview:-1"},"canonical":"https:\/\/ritual.cz\/index.php\/2020\/11\/25\/tema-vyvoj-lidstva\/","og_locale":"cs_CZ","og_type":"article","og_title":"T\u00e9ma: V\u00fdvoj lidstva -","og_description":"Sou\u010dasn\u00e1 situace vyvol\u00e1v\u00e1 \u0159adu otazn\u00edk\u016f a v mnoha lidech vzbuzuje pocity nejistoty. Co bude d\u00e1l, jak\u00fd je v\u00fdznam v\u0161eho, co","og_url":"https:\/\/ritual.cz\/index.php\/2020\/11\/25\/tema-vyvoj-lidstva\/","article_published_time":"2020-11-25T09:42:36+00:00","article_modified_time":"2020-11-25T09:48:18+00:00","og_image":[{"width":800,"height":450,"url":"https:\/\/ritual.cz\/wp-content\/uploads\/2020\/11\/20180608_160134.jpg","type":"image\/jpeg"}],"author":"Roman","twitter_card":"summary_large_image","twitter_misc":{"Napsal(a)":"Roman","Odhadovan\u00e1 doba \u010dten\u00ed":"11 minut"},"schema":{"@context":"https:\/\/schema.org","@graph":[{"@type":"Article","@id":"https:\/\/ritual.cz\/index.php\/2020\/11\/25\/tema-vyvoj-lidstva\/#article","isPartOf":{"@id":"https:\/\/ritual.cz\/index.php\/2020\/11\/25\/tema-vyvoj-lidstva\/"},"author":{"name":"Roman","@id":"https:\/\/ritual.cz\/#\/schema\/person\/5474411d0e16f484d7888c39b03ad5e4"},"headline":"T\u00e9ma: V\u00fdvoj lidstva","datePublished":"2020-11-25T09:42:36+00:00","dateModified":"2020-11-25T09:48:18+00:00","mainEntityOfPage":{"@id":"https:\/\/ritual.cz\/index.php\/2020\/11\/25\/tema-vyvoj-lidstva\/"},"wordCount":2219,"commentCount":0,"publisher":{"@id":"https:\/\/ritual.cz\/#organization"},"image":{"@id":"https:\/\/ritual.cz\/index.php\/2020\/11\/25\/tema-vyvoj-lidstva\/#primaryimage"},"thumbnailUrl":"https:\/\/ritual.cz\/wp-content\/uploads\/2020\/11\/20180608_160134.jpg","keywords":["Archiv"],"articleSection":["Vzduch"],"inLanguage":"cs","potentialAction":[{"@type":"CommentAction","name":"Comment","target":["https:\/\/ritual.cz\/index.php\/2020\/11\/25\/tema-vyvoj-lidstva\/#respond"]}]},{"@type":"WebPage","@id":"https:\/\/ritual.cz\/index.php\/2020\/11\/25\/tema-vyvoj-lidstva\/","url":"https:\/\/ritual.cz\/index.php\/2020\/11\/25\/tema-vyvoj-lidstva\/","name":"T\u00e9ma: V\u00fdvoj lidstva -","isPartOf":{"@id":"https:\/\/ritual.cz\/#website"},"primaryImageOfPage":{"@id":"https:\/\/ritual.cz\/index.php\/2020\/11\/25\/tema-vyvoj-lidstva\/#primaryimage"},"image":{"@id":"https:\/\/ritual.cz\/index.php\/2020\/11\/25\/tema-vyvoj-lidstva\/#primaryimage"},"thumbnailUrl":"https:\/\/ritual.cz\/wp-content\/uploads\/2020\/11\/20180608_160134.jpg","datePublished":"2020-11-25T09:42:36+00:00","dateModified":"2020-11-25T09:48:18+00:00","breadcrumb":{"@id":"https:\/\/ritual.cz\/index.php\/2020\/11\/25\/tema-vyvoj-lidstva\/#breadcrumb"},"inLanguage":"cs","potentialAction":[{"@type":"ReadAction","target":["https:\/\/ritual.cz\/index.php\/2020\/11\/25\/tema-vyvoj-lidstva\/"]}]},{"@type":"ImageObject","inLanguage":"cs","@id":"https:\/\/ritual.cz\/index.php\/2020\/11\/25\/tema-vyvoj-lidstva\/#primaryimage","url":"https:\/\/ritual.cz\/wp-content\/uploads\/2020\/11\/20180608_160134.jpg","contentUrl":"https:\/\/ritual.cz\/wp-content\/uploads\/2020\/11\/20180608_160134.jpg","width":800,"height":450},{"@type":"BreadcrumbList","@id":"https:\/\/ritual.cz\/index.php\/2020\/11\/25\/tema-vyvoj-lidstva\/#breadcrumb","itemListElement":[{"@type":"ListItem","position":1,"name":"Dom\u016f","item":"https:\/\/ritual.cz\/"},{"@type":"ListItem","position":2,"name":"T\u00e9ma: V\u00fdvoj lidstva"}]},{"@type":"WebSite","@id":"https:\/\/ritual.cz\/#website","url":"https:\/\/ritual.cz\/","name":"Ritual","description":"Port\u00e1l pro magii, esoteriku, zdrav\u00ed a duchovn\u00ed rozvoj","publisher":{"@id":"https:\/\/ritual.cz\/#organization"},"potentialAction":[{"@type":"SearchAction","target":{"@type":"EntryPoint","urlTemplate":"https:\/\/ritual.cz\/?s={search_term_string}"},"query-input":{"@type":"PropertyValueSpecification","valueRequired":true,"valueName":"search_term_string"}}],"inLanguage":"cs"},{"@type":"Organization","@id":"https:\/\/ritual.cz\/#organization","name":"Ritual","url":"https:\/\/ritual.cz\/","logo":{"@type":"ImageObject","inLanguage":"cs","@id":"https:\/\/ritual.cz\/#\/schema\/logo\/image\/","url":"https:\/\/ritual.cz\/wp-content\/uploads\/2020\/03\/logo_ritual.gif","contentUrl":"https:\/\/ritual.cz\/wp-content\/uploads\/2020\/03\/logo_ritual.gif","width":219,"height":172,"caption":"Ritual"},"image":{"@id":"https:\/\/ritual.cz\/#\/schema\/logo\/image\/"}},{"@type":"Person","@id":"https:\/\/ritual.cz\/#\/schema\/person\/5474411d0e16f484d7888c39b03ad5e4","name":"Roman","image":{"@type":"ImageObject","inLanguage":"cs","@id":"https:\/\/secure.gravatar.com\/avatar\/3514e5770a1ed444c77e2acbea6697d6e31fc75b7810cc07c11824fbf9ba1f00?s=96&d=wavatar&r=g","url":"https:\/\/secure.gravatar.com\/avatar\/3514e5770a1ed444c77e2acbea6697d6e31fc75b7810cc07c11824fbf9ba1f00?s=96&d=wavatar&r=g","contentUrl":"https:\/\/secure.gravatar.com\/avatar\/3514e5770a1ed444c77e2acbea6697d6e31fc75b7810cc07c11824fbf9ba1f00?s=96&d=wavatar&r=g","caption":"Roman"},"url":"https:\/\/ritual.cz\/index.php\/author\/roman\/"}]}},"_links":{"self":[{"href":"https:\/\/ritual.cz\/index.php\/wp-json\/wp\/v2\/posts\/933","targetHints":{"allow":["GET"]}}],"collection":[{"href":"https:\/\/ritual.cz\/index.php\/wp-json\/wp\/v2\/posts"}],"about":[{"href":"https:\/\/ritual.cz\/index.php\/wp-json\/wp\/v2\/types\/post"}],"author":[{"embeddable":true,"href":"https:\/\/ritual.cz\/index.php\/wp-json\/wp\/v2\/users\/1"}],"replies":[{"embeddable":true,"href":"https:\/\/ritual.cz\/index.php\/wp-json\/wp\/v2\/comments?post=933"}],"version-history":[{"count":0,"href":"https:\/\/ritual.cz\/index.php\/wp-json\/wp\/v2\/posts\/933\/revisions"}],"wp:featuredmedia":[{"embeddable":true,"href":"https:\/\/ritual.cz\/index.php\/wp-json\/wp\/v2\/media\/945"}],"wp:attachment":[{"href":"https:\/\/ritual.cz\/index.php\/wp-json\/wp\/v2\/media?parent=933"}],"wp:term":[{"taxonomy":"category","embeddable":true,"href":"https:\/\/ritual.cz\/index.php\/wp-json\/wp\/v2\/categories?post=933"},{"taxonomy":"post_tag","embeddable":true,"href":"https:\/\/ritual.cz\/index.php\/wp-json\/wp\/v2\/tags?post=933"}],"curies":[{"name":"wp","href":"https:\/\/api.w.org\/{rel}","templated":true}]}}